{"id":1076,"date":"2023-01-18T19:23:43","date_gmt":"2023-01-19T01:23:43","guid":{"rendered":"https:\/\/www.centromedicoregionalmixteca.com\/home\/?p=1076"},"modified":"2023-01-18T19:23:48","modified_gmt":"2023-01-19T01:23:48","slug":"sesion-medica-27-de-enero-2023","status":"publish","type":"post","link":"https:\/\/www.centromedicoregionalmixteca.com\/home\/sesion-medica\/sesion-medica-27-de-enero-2023\/","title":{"rendered":"Sesi\u00f3n M\u00e9dica 27 de Enero 2023"},"content":{"rendered":"\n<p class=\"wp-block-paragraph\">El Centro M\u00e9dico Regional de la Mixteca se complace en invitarles a la primera Sesi\u00f3n M\u00e9dica Presencial del mes, cuyo tema es \u201cActualidades en Neurocisticercosis\u201d a cargo del ponente, el Dr. Artemio P\u00e9rez Barbosa, M\u00e9dico Especializado en Neurocirug\u00eda, quien consulta en nuestra cl\u00ednica. Su conferencia le brindar\u00e1 a los asistentes, informaci\u00f3n actualizada sobre un tema de gran inter\u00e9s, la cual es dirigida a personal M\u00e9dico y a todos aquellos profesionales de la salud interesados.<\/p>\n\n\n\n<p class=\"wp-block-paragraph\">Dicha Sesi\u00f3n M\u00e9dica se llevar\u00e1 a cabo el pr\u00f3ximo viernes 27 de enero del presente a\u00f1o, a las 8:00PM en el Sal\u00f3n Versalles del Hotel Garc\u00eda Peral, en Huajuapan de Le\u00f3n, Oax.<\/p>\n\n\n\n<p class=\"wp-block-paragraph\">A continuaci\u00f3n, les presentamos el cartel promocional del evento, as\u00ed como una breve rese\u00f1a sobre nuestro ponente.<\/p>\n\n\n\n<p class=\"wp-block-paragraph\"><\/p>\n\n\n\n<figure class=\"wp-block-image size-full is-resized\"><img loading=\"lazy\" decoding=\"async\" src=\"https:\/\/www.centromedicoregionalmixteca.com\/home\/wp-content\/uploads\/2023\/01\/cartel-sesion-27ene-print-scaled.jpg\" alt=\"\" class=\"wp-image-1077\" width=\"461\" height=\"691\"\/><figcaption class=\"wp-element-caption\">Poster Promocional. <\/figcaption><\/figure>\n\n\n\n<figure class=\"wp-block-image size-full is-resized\"><img loading=\"lazy\" decoding=\"async\" src=\"https:\/\/www.centromedicoregionalmixteca.com\/home\/wp-content\/uploads\/2023\/01\/ponente-sesion-27ene-cmr.jpg\" alt=\"\" class=\"wp-image-1078\" width=\"463\" height=\"578\"\/><figcaption class=\"wp-element-caption\">Rese\u00f1a curricular de nuestro ponente.<\/figcaption><\/figure>\n","protected":false},"excerpt":{"rendered":"<p>El Centro M\u00e9dico Regional de la Mixteca se complace en invitarles a la primera Sesi\u00f3n M\u00e9dica Presencial del mes, cuyo tema es \u201cActualidades en Neurocisticercosis\u201d a cargo del ponente, el Dr. Artemio P\u00e9rez Barbosa, M\u00e9dico Especializado en Neurocirug\u00eda, quien consulta en nuestra cl\u00ednica. Su conferencia le brindar\u00e1 a los asistentes, informaci\u00f3n actualizada sobre un tema [&hellip;]<\/p>\n","protected":false},"author":3,"featured_media":1079,"comment_status":"open","ping_status":"open","sticky":false,"template":"","format":"standard","meta":{"_et_pb_use_builder":"","_et_pb_old_content":"","_et_gb_content_width":"","footnotes":""},"categories":[11],"tags":[17,14,60,118,48,117],"class_list":["post-1076","post","type-post","status-publish","format-standard","has-post-thumbnail","hentry","category-sesion-medica","tag-enfermeria","tag-evento","tag-medicos","tag-neurocisticercosis","tag-ponencia","tag-sesionmedica"],"_links":{"self":[{"href":"https:\/\/www.centromedicoregionalmixteca.com\/home\/wp-json\/wp\/v2\/posts\/1076","targetHints":{"allow":["GET"]}}],"collection":[{"href":"https:\/\/www.centromedicoregionalmixteca.com\/home\/wp-json\/wp\/v2\/posts"}],"about":[{"href":"https:\/\/www.centromedicoregionalmixteca.com\/home\/wp-json\/wp\/v2\/types\/post"}],"author":[{"embeddable":true,"href":"https:\/\/www.centromedicoregionalmixteca.com\/home\/wp-json\/wp\/v2\/users\/3"}],"replies":[{"embeddable":true,"href":"https:\/\/www.centromedicoregionalmixteca.com\/home\/wp-json\/wp\/v2\/comments?post=1076"}],"version-history":[{"count":2,"href":"https:\/\/www.centromedicoregionalmixteca.com\/home\/wp-json\/wp\/v2\/posts\/1076\/revisions"}],"predecessor-version":[{"id":1081,"href":"https:\/\/www.centromedicoregionalmixteca.com\/home\/wp-json\/wp\/v2\/posts\/1076\/revisions\/1081"}],"wp:featuredmedia":[{"embeddable":true,"href":"https:\/\/www.centromedicoregionalmixteca.com\/home\/wp-json\/wp\/v2\/media\/1079"}],"wp:attachment":[{"href":"https:\/\/www.centromedicoregionalmixteca.com\/home\/wp-json\/wp\/v2\/media?parent=1076"}],"wp:term":[{"taxonomy":"category","embeddable":true,"href":"https:\/\/www.centromedicoregionalmixteca.com\/home\/wp-json\/wp\/v2\/categories?post=1076"},{"taxonomy":"post_tag","embeddable":true,"href":"https:\/\/www.centromedicoregionalmixteca.com\/home\/wp-json\/wp\/v2\/tags?post=1076"}],"curies":[{"name":"wp","href":"https:\/\/api.w.org\/{rel}","templated":true}]}}