{"id":1171,"date":"2023-04-12T20:28:12","date_gmt":"2023-04-13T01:28:12","guid":{"rendered":"https:\/\/www.centromedicoregionalmixteca.com\/home\/?p=1171"},"modified":"2023-04-12T20:28:16","modified_gmt":"2023-04-13T01:28:16","slug":"sesion-medica-del-29-de-abril","status":"publish","type":"post","link":"https:\/\/www.centromedicoregionalmixteca.com\/home\/sesion-medica\/sesion-medica-del-29-de-abril\/","title":{"rendered":"SESI\u00d3N M\u00c9DICA DEL 29 DE ABRIL"},"content":{"rendered":"\n<p class=\"wp-block-paragraph\">El Centro M\u00e9dico Regional de la Mixteca se complace en invitarles a la siguiente Sesi\u00f3n M\u00e9dica titulada &#8220;Perlas en el Manejo de EVC en Pacientes Geri\u00e1tricos&#8221; a cargo de nuestra M\u00e9dica Internista, la Dra. Lucero Rodr\u00edguez Vel\u00e1squez. La sesi\u00f3n se llevar\u00e1 a cabo el pr\u00f3ximo s\u00e1bado 29 de abril en el Hotel Garc\u00eda Peral, a partir de las 8PM. El evento es gratuito y est\u00e1 dirigido a Personal M\u00e9dico y de Enfermer\u00eda, as\u00ed como a todos los profesionales de la salud, especialmente a quienes brindan atenci\u00f3n a pacientes geri\u00e1tricos. \u00a1Esperamos contar con su valiosa presencia!<\/p>\n\n\n\n<p class=\"wp-block-paragraph\">Les compartimos el cartel promocional de la Sesi\u00f3n M\u00e9dica, adem\u00e1s de una rese\u00f1a curricular de nuestra M\u00e9dica Ponente.<\/p>\n\n\n\n<p class=\"wp-block-paragraph\"><\/p>\n\n\n\n<p class=\"wp-block-paragraph\"><\/p>\n\n\n\n<figure class=\"wp-block-image size-full is-resized\"><img loading=\"lazy\" decoding=\"async\" src=\"https:\/\/www.centromedicoregionalmixteca.com\/home\/wp-content\/uploads\/2023\/04\/post-sesion-29abr23-cmrm.png\" alt=\"\" class=\"wp-image-1173\" width=\"573\" height=\"716\"\/><\/figure>\n\n\n\n<figure class=\"wp-block-image size-full is-resized\"><img loading=\"lazy\" decoding=\"async\" src=\"https:\/\/www.centromedicoregionalmixteca.com\/home\/wp-content\/uploads\/2023\/04\/post-sesion-29abr23-cmrm.jpg\" alt=\"\" class=\"wp-image-1174\" width=\"573\" height=\"716\"\/><\/figure>\n","protected":false},"excerpt":{"rendered":"<p>El Centro M\u00e9dico Regional de la Mixteca se complace en invitarles a la siguiente Sesi\u00f3n M\u00e9dica titulada &#8220;Perlas en el Manejo de EVC en Pacientes Geri\u00e1tricos&#8221; a cargo de nuestra M\u00e9dica Internista, la Dra. Lucero Rodr\u00edguez Vel\u00e1squez. La sesi\u00f3n se llevar\u00e1 a cabo el pr\u00f3ximo s\u00e1bado 29 de abril en el Hotel Garc\u00eda Peral, a [&hellip;]<\/p>\n","protected":false},"author":3,"featured_media":1172,"comment_status":"open","ping_status":"open","sticky":false,"template":"","format":"standard","meta":{"_et_pb_use_builder":"","_et_pb_old_content":"","_et_gb_content_width":"","footnotes":""},"categories":[11],"tags":[19,131,14,76,133,48,35],"class_list":["post-1171","post","type-post","status-publish","format-standard","has-post-thumbnail","hentry","category-sesion-medica","tag-centromedico","tag-conferencia","tag-evento","tag-hospital","tag-pacientegeriatrico","tag-ponencia","tag-sesion"],"_links":{"self":[{"href":"https:\/\/www.centromedicoregionalmixteca.com\/home\/wp-json\/wp\/v2\/posts\/1171","targetHints":{"allow":["GET"]}}],"collection":[{"href":"https:\/\/www.centromedicoregionalmixteca.com\/home\/wp-json\/wp\/v2\/posts"}],"about":[{"href":"https:\/\/www.centromedicoregionalmixteca.com\/home\/wp-json\/wp\/v2\/types\/post"}],"author":[{"embeddable":true,"href":"https:\/\/www.centromedicoregionalmixteca.com\/home\/wp-json\/wp\/v2\/users\/3"}],"replies":[{"embeddable":true,"href":"https:\/\/www.centromedicoregionalmixteca.com\/home\/wp-json\/wp\/v2\/comments?post=1171"}],"version-history":[{"count":1,"href":"https:\/\/www.centromedicoregionalmixteca.com\/home\/wp-json\/wp\/v2\/posts\/1171\/revisions"}],"predecessor-version":[{"id":1175,"href":"https:\/\/www.centromedicoregionalmixteca.com\/home\/wp-json\/wp\/v2\/posts\/1171\/revisions\/1175"}],"wp:featuredmedia":[{"embeddable":true,"href":"https:\/\/www.centromedicoregionalmixteca.com\/home\/wp-json\/wp\/v2\/media\/1172"}],"wp:attachment":[{"href":"https:\/\/www.centromedicoregionalmixteca.com\/home\/wp-json\/wp\/v2\/media?parent=1171"}],"wp:term":[{"taxonomy":"category","embeddable":true,"href":"https:\/\/www.centromedicoregionalmixteca.com\/home\/wp-json\/wp\/v2\/categories?post=1171"},{"taxonomy":"post_tag","embeddable":true,"href":"https:\/\/www.centromedicoregionalmixteca.com\/home\/wp-json\/wp\/v2\/tags?post=1171"}],"curies":[{"name":"wp","href":"https:\/\/api.w.org\/{rel}","templated":true}]}}