{"id":1231,"date":"2023-05-05T19:38:30","date_gmt":"2023-05-06T00:38:30","guid":{"rendered":"https:\/\/www.centromedicoregionalmixteca.com\/home\/?p=1231"},"modified":"2023-05-19T20:38:37","modified_gmt":"2023-05-20T02:38:37","slug":"vi-congreso-de-urgencias-2023","status":"publish","type":"post","link":"https:\/\/www.centromedicoregionalmixteca.com\/home\/congreso\/vi-congreso-de-urgencias-2023\/","title":{"rendered":"VIII CONGRESO DE URGENCIAS 2023"},"content":{"rendered":"\n<p class=\"has-black-color has-text-color wp-block-paragraph\">El pr\u00f3ximo s\u00e1bado 20 y domingo 21 de mayo de 2023, se llevar\u00e1 a cabo nuestro VIII Congreso de Urgencias, en el Hotel Garc\u00eda Peral, en Huajuapan de Le\u00f3n, Oaxaca. Contaremos con diversas ponencias, simposios, as\u00ed como talleres pr\u00e1cticos (con cupo limitado) dirigido a personal M\u00e9dico y de Enfermer\u00eda, as\u00ed como a todos los profesionales de la salud. La entrada al evento es <strong><em>gratuita<\/em><\/strong>. Agradecemos la respuesta positiva de todos los que se pre-registraron en l\u00ednea, y esperamos contar con su valiosa presencia en este VIII Congreso de Urgencias. Les recordamos a todos los que se han pre-registrado al evento, que es necesario cumplir con el 80% de asistencia para emitir las constancias con validez curricular.<\/p>\n\n\n\n<p class=\"has-black-color has-text-color wp-block-paragraph\">Para mayores informes y registro para los talleres disponibles, los invitamos a contactarnos al 9535321355 o v\u00eda WhatsApp al 9531065426. Tambi\u00e9n pueden visitarnos en Violeta No. 4, Fracc. Jardines del Sur, Huajuapan de Le\u00f3n, Oaxaca.<\/p>\n\n\n\n<p class=\"has-black-color has-text-color wp-block-paragraph\">Les compartimos los carteles promocionales, as\u00ed como el tr\u00edptico actualizado del Evento. Muy pronto estaremos compartiendo con ustedes m\u00e1s informaci\u00f3n acerca de los Profesores Titulares.<\/p>\n\n\n\n<figure class=\"wp-block-image size-full is-resized\"><img loading=\"lazy\" decoding=\"async\" src=\"https:\/\/www.centromedicoregionalmixteca.com\/home\/wp-content\/uploads\/2023\/05\/post-VIII-congreso-urgencias-mayo23-1.jpg\" alt=\"\" class=\"wp-image-1260\" width=\"545\" height=\"681\"\/><\/figure>\n\n\n\n<p class=\"wp-block-paragraph\">Primer cartel promocional del Evento.<\/p>\n\n\n\n<figure class=\"wp-block-image size-full is-resized\"><img loading=\"lazy\" decoding=\"async\" src=\"https:\/\/www.centromedicoregionalmixteca.com\/home\/wp-content\/uploads\/2023\/05\/2do-cartel-VIII-Congreso-de-urgencias-cmrm-1.jpg\" alt=\"\" class=\"wp-image-1262\" width=\"543\" height=\"678\"\/><\/figure>\n\n\n\n<p class=\"wp-block-paragraph\">Segundo cartel promocional del Evento.<\/p>\n\n\n\n<figure class=\"wp-block-image size-full\"><img loading=\"lazy\" decoding=\"async\" width=\"2000\" height=\"1545\" src=\"https:\/\/www.centromedicoregionalmixteca.com\/home\/wp-content\/uploads\/2023\/05\/Triptico-final-VIII-Congreso-de-Urgencias-frente-1.jpg\" alt=\"\" class=\"wp-image-1273\" srcset=\"https:\/\/www.centromedicoregionalmixteca.com\/home\/wp-content\/uploads\/2023\/05\/Triptico-final-VIII-Congreso-de-Urgencias-frente-1.jpg 2000w, https:\/\/www.centromedicoregionalmixteca.com\/home\/wp-content\/uploads\/2023\/05\/Triptico-final-VIII-Congreso-de-Urgencias-frente-1-1280x989.jpg 1280w, https:\/\/www.centromedicoregionalmixteca.com\/home\/wp-content\/uploads\/2023\/05\/Triptico-final-VIII-Congreso-de-Urgencias-frente-1-980x757.jpg 980w, https:\/\/www.centromedicoregionalmixteca.com\/home\/wp-content\/uploads\/2023\/05\/Triptico-final-VIII-Congreso-de-Urgencias-frente-1-480x371.jpg 480w\" sizes=\"(min-width: 0px) and (max-width: 480px) 480px, (min-width: 481px) and (max-width: 980px) 980px, (min-width: 981px) and (max-width: 1280px) 1280px, (min-width: 1281px) 2000px, 100vw\" \/><\/figure>\n\n\n\n<figure class=\"wp-block-image size-full\"><img loading=\"lazy\" decoding=\"async\" width=\"2000\" height=\"1545\" src=\"https:\/\/www.centromedicoregionalmixteca.com\/home\/wp-content\/uploads\/2023\/05\/Triptico-final-VIII-Congreso-de-Urgencias-reverso-1.jpg\" alt=\"\" class=\"wp-image-1274\" srcset=\"https:\/\/www.centromedicoregionalmixteca.com\/home\/wp-content\/uploads\/2023\/05\/Triptico-final-VIII-Congreso-de-Urgencias-reverso-1.jpg 2000w, https:\/\/www.centromedicoregionalmixteca.com\/home\/wp-content\/uploads\/2023\/05\/Triptico-final-VIII-Congreso-de-Urgencias-reverso-1-1280x989.jpg 1280w, https:\/\/www.centromedicoregionalmixteca.com\/home\/wp-content\/uploads\/2023\/05\/Triptico-final-VIII-Congreso-de-Urgencias-reverso-1-980x757.jpg 980w, https:\/\/www.centromedicoregionalmixteca.com\/home\/wp-content\/uploads\/2023\/05\/Triptico-final-VIII-Congreso-de-Urgencias-reverso-1-480x371.jpg 480w\" sizes=\"(min-width: 0px) and (max-width: 480px) 480px, (min-width: 481px) and (max-width: 980px) 980px, (min-width: 981px) and (max-width: 1280px) 1280px, (min-width: 1281px) 2000px, 100vw\" \/><\/figure>\n\n\n\n<div class=\"wp-block-buttons is-layout-flex wp-block-buttons-is-layout-flex\">\n<div class=\"wp-block-button\"><a class=\"wp-block-button__link wp-element-button\" href=\"\" target=\"_blank\" rel=\"noreferrer noopener\">Descargar PDF de Tr\u00edptico<\/a><\/div>\n<\/div>\n\n\n\n<p class=\"has-vivid-cyan-blue-color has-text-color has-medium-font-size wp-block-paragraph\"><strong><em>Conoce a nuestros Ponentes<\/em><\/strong><\/p>\n\n\n\n<figure class=\"wp-block-gallery has-nested-images columns-default is-cropped wp-block-gallery-1 is-layout-flex wp-block-gallery-is-layout-flex\">\n<figure class=\"wp-block-image size-large\"><img loading=\"lazy\" decoding=\"async\" width=\"1080\" height=\"1350\" data-id=\"1290\" src=\"https:\/\/www.centromedicoregionalmixteca.com\/home\/wp-content\/uploads\/2023\/05\/01-resenas-profesores-VIII-Congreso.jpg\" alt=\"\" class=\"wp-image-1290\" srcset=\"https:\/\/www.centromedicoregionalmixteca.com\/home\/wp-content\/uploads\/2023\/05\/01-resenas-profesores-VIII-Congreso.jpg 1080w, https:\/\/www.centromedicoregionalmixteca.com\/home\/wp-content\/uploads\/2023\/05\/01-resenas-profesores-VIII-Congreso-980x1225.jpg 980w, https:\/\/www.centromedicoregionalmixteca.com\/home\/wp-content\/uploads\/2023\/05\/01-resenas-profesores-VIII-Congreso-480x600.jpg 480w\" sizes=\"(min-width: 0px) and (max-width: 480px) 480px, (min-width: 481px) and (max-width: 980px) 980px, (min-width: 981px) 1080px, 100vw\" \/><\/figure>\n\n\n\n<figure class=\"wp-block-image size-large\"><img loading=\"lazy\" decoding=\"async\" width=\"1080\" height=\"1350\" data-id=\"1289\" src=\"https:\/\/www.centromedicoregionalmixteca.com\/home\/wp-content\/uploads\/2023\/05\/02-resenas-profesores-VIII-Congreso-1.jpg\" alt=\"\" class=\"wp-image-1289\" srcset=\"https:\/\/www.centromedicoregionalmixteca.com\/home\/wp-content\/uploads\/2023\/05\/02-resenas-profesores-VIII-Congreso-1.jpg 1080w, https:\/\/www.centromedicoregionalmixteca.com\/home\/wp-content\/uploads\/2023\/05\/02-resenas-profesores-VIII-Congreso-1-980x1225.jpg 980w, https:\/\/www.centromedicoregionalmixteca.com\/home\/wp-content\/uploads\/2023\/05\/02-resenas-profesores-VIII-Congreso-1-480x600.jpg 480w\" sizes=\"(min-width: 0px) and (max-width: 480px) 480px, (min-width: 481px) and (max-width: 980px) 980px, (min-width: 981px) 1080px, 100vw\" \/><\/figure>\n<\/figure>\n\n\n\n<figure class=\"wp-block-gallery has-nested-images columns-default is-cropped wp-block-gallery-2 is-layout-flex wp-block-gallery-is-layout-flex\">\n<figure class=\"wp-block-image size-large\"><img loading=\"lazy\" decoding=\"async\" width=\"1080\" height=\"1350\" data-id=\"1295\" src=\"https:\/\/www.centromedicoregionalmixteca.com\/home\/wp-content\/uploads\/2023\/05\/03-resenas-profesores-VIII-Congreso-1.jpg\" alt=\"\" class=\"wp-image-1295\" srcset=\"https:\/\/www.centromedicoregionalmixteca.com\/home\/wp-content\/uploads\/2023\/05\/03-resenas-profesores-VIII-Congreso-1.jpg 1080w, https:\/\/www.centromedicoregionalmixteca.com\/home\/wp-content\/uploads\/2023\/05\/03-resenas-profesores-VIII-Congreso-1-980x1225.jpg 980w, https:\/\/www.centromedicoregionalmixteca.com\/home\/wp-content\/uploads\/2023\/05\/03-resenas-profesores-VIII-Congreso-1-480x600.jpg 480w\" sizes=\"(min-width: 0px) and (max-width: 480px) 480px, (min-width: 481px) and (max-width: 980px) 980px, (min-width: 981px) 1080px, 100vw\" \/><\/figure>\n\n\n\n<figure class=\"wp-block-image size-large\"><img loading=\"lazy\" decoding=\"async\" width=\"1080\" height=\"1350\" data-id=\"1294\" src=\"https:\/\/www.centromedicoregionalmixteca.com\/home\/wp-content\/uploads\/2023\/05\/04-resenas-profesores-VIII-Congreso-1.jpg\" alt=\"\" class=\"wp-image-1294\" srcset=\"https:\/\/www.centromedicoregionalmixteca.com\/home\/wp-content\/uploads\/2023\/05\/04-resenas-profesores-VIII-Congreso-1.jpg 1080w, https:\/\/www.centromedicoregionalmixteca.com\/home\/wp-content\/uploads\/2023\/05\/04-resenas-profesores-VIII-Congreso-1-980x1225.jpg 980w, https:\/\/www.centromedicoregionalmixteca.com\/home\/wp-content\/uploads\/2023\/05\/04-resenas-profesores-VIII-Congreso-1-480x600.jpg 480w\" sizes=\"(min-width: 0px) and (max-width: 480px) 480px, (min-width: 481px) and (max-width: 980px) 980px, (min-width: 981px) 1080px, 100vw\" \/><\/figure>\n<\/figure>\n\n\n\n<figure class=\"wp-block-gallery has-nested-images columns-default is-cropped wp-block-gallery-3 is-layout-flex wp-block-gallery-is-layout-flex\">\n<figure class=\"wp-block-image size-large\"><img loading=\"lazy\" decoding=\"async\" width=\"1080\" height=\"1350\" data-id=\"1297\" src=\"https:\/\/www.centromedicoregionalmixteca.com\/home\/wp-content\/uploads\/2023\/05\/05-resenas-profesores-VIII-Congreso-1.jpg\" alt=\"\" class=\"wp-image-1297\" srcset=\"https:\/\/www.centromedicoregionalmixteca.com\/home\/wp-content\/uploads\/2023\/05\/05-resenas-profesores-VIII-Congreso-1.jpg 1080w, https:\/\/www.centromedicoregionalmixteca.com\/home\/wp-content\/uploads\/2023\/05\/05-resenas-profesores-VIII-Congreso-1-980x1225.jpg 980w, https:\/\/www.centromedicoregionalmixteca.com\/home\/wp-content\/uploads\/2023\/05\/05-resenas-profesores-VIII-Congreso-1-480x600.jpg 480w\" sizes=\"(min-width: 0px) and (max-width: 480px) 480px, (min-width: 481px) and (max-width: 980px) 980px, (min-width: 981px) 1080px, 100vw\" \/><\/figure>\n\n\n\n<figure class=\"wp-block-image size-large\"><img loading=\"lazy\" decoding=\"async\" width=\"1080\" height=\"1350\" data-id=\"1296\" src=\"https:\/\/www.centromedicoregionalmixteca.com\/home\/wp-content\/uploads\/2023\/05\/06-resenas-profesores-VIII-Congreso-1.jpg\" alt=\"\" class=\"wp-image-1296\" srcset=\"https:\/\/www.centromedicoregionalmixteca.com\/home\/wp-content\/uploads\/2023\/05\/06-resenas-profesores-VIII-Congreso-1.jpg 1080w, https:\/\/www.centromedicoregionalmixteca.com\/home\/wp-content\/uploads\/2023\/05\/06-resenas-profesores-VIII-Congreso-1-980x1225.jpg 980w, https:\/\/www.centromedicoregionalmixteca.com\/home\/wp-content\/uploads\/2023\/05\/06-resenas-profesores-VIII-Congreso-1-480x600.jpg 480w\" sizes=\"(min-width: 0px) and (max-width: 480px) 480px, (min-width: 481px) and (max-width: 980px) 980px, (min-width: 981px) 1080px, 100vw\" \/><\/figure>\n<\/figure>\n\n\n\n<figure class=\"wp-block-gallery has-nested-images columns-default is-cropped wp-block-gallery-4 is-layout-flex wp-block-gallery-is-layout-flex\">\n<figure class=\"wp-block-image size-large\"><img loading=\"lazy\" decoding=\"async\" width=\"1080\" height=\"1350\" data-id=\"1298\" src=\"https:\/\/www.centromedicoregionalmixteca.com\/home\/wp-content\/uploads\/2023\/05\/07-resenas-profesores-VIII-Congreso-1.jpg\" alt=\"\" class=\"wp-image-1298\" srcset=\"https:\/\/www.centromedicoregionalmixteca.com\/home\/wp-content\/uploads\/2023\/05\/07-resenas-profesores-VIII-Congreso-1.jpg 1080w, https:\/\/www.centromedicoregionalmixteca.com\/home\/wp-content\/uploads\/2023\/05\/07-resenas-profesores-VIII-Congreso-1-980x1225.jpg 980w, https:\/\/www.centromedicoregionalmixteca.com\/home\/wp-content\/uploads\/2023\/05\/07-resenas-profesores-VIII-Congreso-1-480x600.jpg 480w\" sizes=\"(min-width: 0px) and (max-width: 480px) 480px, (min-width: 481px) and (max-width: 980px) 980px, (min-width: 981px) 1080px, 100vw\" \/><\/figure>\n\n\n\n<figure class=\"wp-block-image size-large\"><img loading=\"lazy\" decoding=\"async\" width=\"1080\" height=\"1350\" data-id=\"1299\" src=\"https:\/\/www.centromedicoregionalmixteca.com\/home\/wp-content\/uploads\/2023\/05\/08-resenas-profesores-VIII-Congreso-1.jpg\" alt=\"\" class=\"wp-image-1299\" srcset=\"https:\/\/www.centromedicoregionalmixteca.com\/home\/wp-content\/uploads\/2023\/05\/08-resenas-profesores-VIII-Congreso-1.jpg 1080w, https:\/\/www.centromedicoregionalmixteca.com\/home\/wp-content\/uploads\/2023\/05\/08-resenas-profesores-VIII-Congreso-1-980x1225.jpg 980w, https:\/\/www.centromedicoregionalmixteca.com\/home\/wp-content\/uploads\/2023\/05\/08-resenas-profesores-VIII-Congreso-1-480x600.jpg 480w\" sizes=\"(min-width: 0px) and (max-width: 480px) 480px, (min-width: 481px) and (max-width: 980px) 980px, (min-width: 981px) 1080px, 100vw\" \/><\/figure>\n<\/figure>\n\n\n\n<figure class=\"wp-block-gallery has-nested-images columns-default is-cropped wp-block-gallery-5 is-layout-flex wp-block-gallery-is-layout-flex\">\n<figure class=\"wp-block-image size-large\"><img loading=\"lazy\" decoding=\"async\" width=\"1080\" height=\"1350\" data-id=\"1300\" src=\"https:\/\/www.centromedicoregionalmixteca.com\/home\/wp-content\/uploads\/2023\/05\/09-resenas-profesores-VIII-Congreso-1.jpg\" alt=\"\" class=\"wp-image-1300\" srcset=\"https:\/\/www.centromedicoregionalmixteca.com\/home\/wp-content\/uploads\/2023\/05\/09-resenas-profesores-VIII-Congreso-1.jpg 1080w, https:\/\/www.centromedicoregionalmixteca.com\/home\/wp-content\/uploads\/2023\/05\/09-resenas-profesores-VIII-Congreso-1-980x1225.jpg 980w, https:\/\/www.centromedicoregionalmixteca.com\/home\/wp-content\/uploads\/2023\/05\/09-resenas-profesores-VIII-Congreso-1-480x600.jpg 480w\" sizes=\"(min-width: 0px) and (max-width: 480px) 480px, (min-width: 481px) and (max-width: 980px) 980px, (min-width: 981px) 1080px, 100vw\" \/><\/figure>\n\n\n\n<figure class=\"wp-block-image size-large\"><img loading=\"lazy\" decoding=\"async\" width=\"1080\" height=\"1350\" data-id=\"1307\" src=\"https:\/\/www.centromedicoregionalmixteca.com\/home\/wp-content\/uploads\/2023\/05\/10-resenas-profesores-VIII-Congreso-4.jpg\" alt=\"\" class=\"wp-image-1307\" srcset=\"https:\/\/www.centromedicoregionalmixteca.com\/home\/wp-content\/uploads\/2023\/05\/10-resenas-profesores-VIII-Congreso-4.jpg 1080w, https:\/\/www.centromedicoregionalmixteca.com\/home\/wp-content\/uploads\/2023\/05\/10-resenas-profesores-VIII-Congreso-4-980x1225.jpg 980w, https:\/\/www.centromedicoregionalmixteca.com\/home\/wp-content\/uploads\/2023\/05\/10-resenas-profesores-VIII-Congreso-4-480x600.jpg 480w\" sizes=\"(min-width: 0px) and (max-width: 480px) 480px, (min-width: 481px) and (max-width: 980px) 980px, (min-width: 981px) 1080px, 100vw\" \/><\/figure>\n<\/figure>\n\n\n\n<figure class=\"wp-block-gallery has-nested-images columns-default is-cropped wp-block-gallery-6 is-layout-flex wp-block-gallery-is-layout-flex\">\n<figure class=\"wp-block-image size-large\"><img loading=\"lazy\" decoding=\"async\" width=\"1080\" height=\"1350\" data-id=\"1304\" src=\"https:\/\/www.centromedicoregionalmixteca.com\/home\/wp-content\/uploads\/2023\/05\/11-resenas-profesores-VIII-Congreso-1.jpg\" alt=\"\" class=\"wp-image-1304\" srcset=\"https:\/\/www.centromedicoregionalmixteca.com\/home\/wp-content\/uploads\/2023\/05\/11-resenas-profesores-VIII-Congreso-1.jpg 1080w, https:\/\/www.centromedicoregionalmixteca.com\/home\/wp-content\/uploads\/2023\/05\/11-resenas-profesores-VIII-Congreso-1-980x1225.jpg 980w, https:\/\/www.centromedicoregionalmixteca.com\/home\/wp-content\/uploads\/2023\/05\/11-resenas-profesores-VIII-Congreso-1-480x600.jpg 480w\" sizes=\"(min-width: 0px) and (max-width: 480px) 480px, (min-width: 481px) and (max-width: 980px) 980px, (min-width: 981px) 1080px, 100vw\" \/><\/figure>\n\n\n\n<figure class=\"wp-block-image size-large\"><img loading=\"lazy\" decoding=\"async\" width=\"1080\" height=\"1350\" data-id=\"1305\" src=\"https:\/\/www.centromedicoregionalmixteca.com\/home\/wp-content\/uploads\/2023\/05\/12-resenas-profesores-VIII-Congreso-1.jpg\" alt=\"\" class=\"wp-image-1305\" srcset=\"https:\/\/www.centromedicoregionalmixteca.com\/home\/wp-content\/uploads\/2023\/05\/12-resenas-profesores-VIII-Congreso-1.jpg 1080w, https:\/\/www.centromedicoregionalmixteca.com\/home\/wp-content\/uploads\/2023\/05\/12-resenas-profesores-VIII-Congreso-1-980x1225.jpg 980w, https:\/\/www.centromedicoregionalmixteca.com\/home\/wp-content\/uploads\/2023\/05\/12-resenas-profesores-VIII-Congreso-1-480x600.jpg 480w\" sizes=\"(min-width: 0px) and (max-width: 480px) 480px, (min-width: 481px) and (max-width: 980px) 980px, (min-width: 981px) 1080px, 100vw\" \/><\/figure>\n<\/figure>\n\n\n\n<figure class=\"wp-block-image size-full is-resized\"><img loading=\"lazy\" decoding=\"async\" src=\"https:\/\/www.centromedicoregionalmixteca.com\/home\/wp-content\/uploads\/2023\/05\/13-resenas-profesores-VIII-Congreso-1.jpg\" alt=\"\" class=\"wp-image-1306\" width=\"395\" height=\"493\"\/><\/figure>\n","protected":false},"excerpt":{"rendered":"<p>El pr\u00f3ximo s\u00e1bado 20 y domingo 21 de mayo de 2023, se llevar\u00e1 a cabo nuestro VIII Congreso de Urgencias, en el Hotel Garc\u00eda Peral, en Huajuapan de Le\u00f3n, Oaxaca. Contaremos con diversas ponencias, simposios, as\u00ed como talleres pr\u00e1cticos (con cupo limitado) dirigido a personal M\u00e9dico y de Enfermer\u00eda, as\u00ed como a todos los profesionales [&hellip;]<\/p>\n","protected":false},"author":3,"featured_media":1277,"comment_status":"open","ping_status":"open","sticky":false,"template":"","format":"standard","meta":{"_et_pb_use_builder":"","_et_pb_old_content":"","_et_gb_content_width":"","footnotes":""},"categories":[134,13],"tags":[99,17,14,135,60,18,136,41],"class_list":["post-1231","post","type-post","status-publish","format-standard","has-post-thumbnail","hentry","category-congreso","category-evento-academico","tag-congreso","tag-enfermeria","tag-evento","tag-gratis","tag-medicos","tag-ponencias","tag-simposios","tag-urgencias"],"_links":{"self":[{"href":"https:\/\/www.centromedicoregionalmixteca.com\/home\/wp-json\/wp\/v2\/posts\/1231","targetHints":{"allow":["GET"]}}],"collection":[{"href":"https:\/\/www.centromedicoregionalmixteca.com\/home\/wp-json\/wp\/v2\/posts"}],"about":[{"href":"https:\/\/www.centromedicoregionalmixteca.com\/home\/wp-json\/wp\/v2\/types\/post"}],"author":[{"embeddable":true,"href":"https:\/\/www.centromedicoregionalmixteca.com\/home\/wp-json\/wp\/v2\/users\/3"}],"replies":[{"embeddable":true,"href":"https:\/\/www.centromedicoregionalmixteca.com\/home\/wp-json\/wp\/v2\/comments?post=1231"}],"version-history":[{"count":6,"href":"https:\/\/www.centromedicoregionalmixteca.com\/home\/wp-json\/wp\/v2\/posts\/1231\/revisions"}],"predecessor-version":[{"id":1311,"href":"https:\/\/www.centromedicoregionalmixteca.com\/home\/wp-json\/wp\/v2\/posts\/1231\/revisions\/1311"}],"wp:featuredmedia":[{"embeddable":true,"href":"https:\/\/www.centromedicoregionalmixteca.com\/home\/wp-json\/wp\/v2\/media\/1277"}],"wp:attachment":[{"href":"https:\/\/www.centromedicoregionalmixteca.com\/home\/wp-json\/wp\/v2\/media?parent=1231"}],"wp:term":[{"taxonomy":"category","embeddable":true,"href":"https:\/\/www.centromedicoregionalmixteca.com\/home\/wp-json\/wp\/v2\/categories?post=1231"},{"taxonomy":"post_tag","embeddable":true,"href":"https:\/\/www.centromedicoregionalmixteca.com\/home\/wp-json\/wp\/v2\/tags?post=1231"}],"curies":[{"name":"wp","href":"https:\/\/api.w.org\/{rel}","templated":true}]}}