{"id":1348,"date":"2023-06-13T17:35:34","date_gmt":"2023-06-13T23:35:34","guid":{"rendered":"https:\/\/www.centromedicoregionalmixteca.com\/home\/?p=1348"},"modified":"2023-06-13T17:35:41","modified_gmt":"2023-06-13T23:35:41","slug":"sesion-medica-actualidades-en-resonancia-magnetica","status":"publish","type":"post","link":"https:\/\/www.centromedicoregionalmixteca.com\/home\/evento-academico\/sesion-medica-actualidades-en-resonancia-magnetica\/","title":{"rendered":"Sesi\u00f3n M\u00e9dica: Actualidades en Resonancia Magn\u00e9tica"},"content":{"rendered":"\n<p class=\"wp-block-paragraph\">Con motivo de la pr\u00f3xima Inauguraci\u00f3n del Servicio de Resonancia Magn\u00e9tica, el Centro M\u00e9dico Regional de la Mixteca, en coordinaci\u00f3n con Imagenolog\u00eda Diagn\u00f3stica de la Mixteca, los invita cordialmente a que asistan a la Sesi\u00f3n M\u00e9dica Presencial, cuyo tema es &#8220;Actualidades en Resonancia Magn\u00e9tica&#8221; a cargo de la ponente, la Dra. Obdulia Espinosa Oropeza, M\u00e9dica especialista en Radiolog\u00eda e Imagen. La cita es el viernes 30 de junio de 2023, a partir de las 8:00 PM, en el Sal\u00f3n Versalles del Hotel Garc\u00eda Peral, en Huajuapan de Le\u00f3n, Oaxaca. <\/p>\n\n\n\n<p class=\"wp-block-paragraph\">Sin duda ser\u00e1 una conferencia con informaci\u00f3n actualizada y relevante acerca de este estudio que estaremos promoviendo y realizando en las instalaciones de Imagenolog\u00eda Diagn\u00f3stica de la Mixteca. El evento est\u00e1 dirigido a M\u00e9dicos y T\u00e9cnicos Radi\u00f3logos, personal que labora en el \u00e1rea de imagenolog\u00eda, as\u00ed como a profesionales de la salud.<\/p>\n\n\n\n<p class=\"wp-block-paragraph\">Les compartimos el dise\u00f1o del cartel promocional del evento, as\u00ed como una rese\u00f1a curricular de nuestra M\u00e9dica Ponente.<\/p>\n\n\n\n<p class=\"wp-block-paragraph\">\u00a1Esperamos contar con su valiosa presencia!<\/p>\n\n\n\n<figure class=\"wp-block-image size-full is-resized\"><img loading=\"lazy\" decoding=\"async\" src=\"https:\/\/www.centromedicoregionalmixteca.com\/home\/wp-content\/uploads\/2023\/06\/cartel-1-sesion-30jun23-CMR-IDM.jpg\" alt=\"\" class=\"wp-image-1349\" width=\"627\" height=\"940\"\/><\/figure>\n\n\n\n<figure class=\"wp-block-image size-full is-resized\"><img loading=\"lazy\" decoding=\"async\" src=\"https:\/\/www.centromedicoregionalmixteca.com\/home\/wp-content\/uploads\/2023\/06\/resena-dra-obdulia-30jun2023-IDM.jpg\" alt=\"\" class=\"wp-image-1350\" width=\"627\" height=\"784\"\/><\/figure>\n","protected":false},"excerpt":{"rendered":"<p>Con motivo de la pr\u00f3xima Inauguraci\u00f3n del Servicio de Resonancia Magn\u00e9tica, el Centro M\u00e9dico Regional de la Mixteca, en coordinaci\u00f3n con Imagenolog\u00eda Diagn\u00f3stica de la Mixteca, los invita cordialmente a que asistan a la Sesi\u00f3n M\u00e9dica Presencial, cuyo tema es &#8220;Actualidades en Resonancia Magn\u00e9tica&#8221; a cargo de la ponente, la Dra. Obdulia Espinosa Oropeza, M\u00e9dica [&hellip;]<\/p>\n","protected":false},"author":3,"featured_media":1351,"comment_status":"open","ping_status":"open","sticky":false,"template":"","format":"standard","meta":{"_et_pb_use_builder":"","_et_pb_old_content":"","_et_gb_content_width":"","footnotes":""},"categories":[13,11],"tags":[141,14,140,139,60,48,137,35],"class_list":["post-1348","post","type-post","status-publish","format-standard","has-post-thumbnail","hentry","category-evento-academico","category-sesion-medica","tag-especialistas","tag-evento","tag-inauguracion","tag-magnetica","tag-medicos","tag-ponencia","tag-resonanciamagnetica","tag-sesion"],"_links":{"self":[{"href":"https:\/\/www.centromedicoregionalmixteca.com\/home\/wp-json\/wp\/v2\/posts\/1348","targetHints":{"allow":["GET"]}}],"collection":[{"href":"https:\/\/www.centromedicoregionalmixteca.com\/home\/wp-json\/wp\/v2\/posts"}],"about":[{"href":"https:\/\/www.centromedicoregionalmixteca.com\/home\/wp-json\/wp\/v2\/types\/post"}],"author":[{"embeddable":true,"href":"https:\/\/www.centromedicoregionalmixteca.com\/home\/wp-json\/wp\/v2\/users\/3"}],"replies":[{"embeddable":true,"href":"https:\/\/www.centromedicoregionalmixteca.com\/home\/wp-json\/wp\/v2\/comments?post=1348"}],"version-history":[{"count":1,"href":"https:\/\/www.centromedicoregionalmixteca.com\/home\/wp-json\/wp\/v2\/posts\/1348\/revisions"}],"predecessor-version":[{"id":1352,"href":"https:\/\/www.centromedicoregionalmixteca.com\/home\/wp-json\/wp\/v2\/posts\/1348\/revisions\/1352"}],"wp:featuredmedia":[{"embeddable":true,"href":"https:\/\/www.centromedicoregionalmixteca.com\/home\/wp-json\/wp\/v2\/media\/1351"}],"wp:attachment":[{"href":"https:\/\/www.centromedicoregionalmixteca.com\/home\/wp-json\/wp\/v2\/media?parent=1348"}],"wp:term":[{"taxonomy":"category","embeddable":true,"href":"https:\/\/www.centromedicoregionalmixteca.com\/home\/wp-json\/wp\/v2\/categories?post=1348"},{"taxonomy":"post_tag","embeddable":true,"href":"https:\/\/www.centromedicoregionalmixteca.com\/home\/wp-json\/wp\/v2\/tags?post=1348"}],"curies":[{"name":"wp","href":"https:\/\/api.w.org\/{rel}","templated":true}]}}