{"id":1482,"date":"2023-09-11T17:56:32","date_gmt":"2023-09-11T23:56:32","guid":{"rendered":"https:\/\/www.centromedicoregionalmixteca.com\/home\/?p=1482"},"modified":"2023-09-25T17:41:37","modified_gmt":"2023-09-25T23:41:37","slug":"sesion-medica-epilepsia-sin-convulsiones","status":"publish","type":"post","link":"https:\/\/www.centromedicoregionalmixteca.com\/home\/sesion-medica\/sesion-medica-epilepsia-sin-convulsiones\/","title":{"rendered":"Sesi\u00f3n M\u00e9dica: &#8220;Epilepsia sin convulsiones&#8221;"},"content":{"rendered":"\n<p class=\"wp-block-paragraph\">El Centro M\u00e9dico Regional de la Mixteca llevar\u00e1 a cabo su Sesi\u00f3n M\u00e9dica Presencial del mes con la ponencia titulada &#8220;Epilepsia sin convulsiones&#8221;. Dicho tema estar\u00e1 a cargo de la <strong>Dra. Gabriela Arango Salazar<\/strong>, <strong><em>M\u00e9dica Neur\u00f3loga con Especialidad en Epilepsia por el Instituto Nacional de Neurolog\u00eda<\/em><\/strong>. La entrada es gratuita y la sesi\u00f3n est\u00e1 dirigida a personal M\u00e9dico y de Enfermer\u00eda, as\u00ed como a profesionales de la salud y afines a la especialidad de neurolog\u00eda. La cita ser\u00e1 a las 20:00 Hrs. en la explanada de la nueva Unidad de Resonancia Magn\u00e9tica, ubicada en calle Violeta No. 5, interior, Frac. Jardines del Sur, enfrente de nuestra cl\u00ednica. <\/p>\n\n\n\n<p class=\"wp-block-paragraph\"><\/p>\n\n\n\n<p class=\"wp-block-paragraph\">Les compartimos el primer cartel promocional de nuestra Sesi\u00f3n Acad\u00e9mica.<\/p>\n\n\n\n<p class=\"wp-block-paragraph\"><\/p>\n\n\n\n<figure class=\"wp-block-image size-full is-resized\"><img loading=\"lazy\" decoding=\"async\" src=\"https:\/\/www.centromedicoregionalmixteca.com\/home\/wp-content\/uploads\/2023\/09\/cartel1-sesion-30sep23-cmrm.jpg\" alt=\"\" class=\"wp-image-1483\" style=\"width:507px;height:760px\" width=\"507\" height=\"760\"\/><\/figure>\n\n\n\n<figure class=\"wp-block-embed is-type-video is-provider-youtube wp-block-embed-youtube wp-embed-aspect-16-9 wp-has-aspect-ratio\"><div class=\"wp-block-embed__wrapper\">\n<iframe loading=\"lazy\" title=\"Invitaci\u00f3n a la Sesi\u00f3n M\u00e9dica Presencial &quot;Epilepsia sin convulsiones&quot;\" width=\"1080\" height=\"608\" src=\"https:\/\/www.youtube.com\/embed\/-waQu4i-vgo?feature=oembed\" frameborder=\"0\" allow=\"accelerometer; autoplay; clipboard-write; encrypted-media; gyroscope; picture-in-picture; web-share\" allowfullscreen><\/iframe>\n<\/div><figcaption class=\"wp-element-caption\">Video promocional de la Sesi\u00f3n M\u00e9dica Presencial del mes.<\/figcaption><\/figure>\n\n\n\n<figure class=\"wp-block-image size-full is-resized\"><img loading=\"lazy\" decoding=\"async\" src=\"https:\/\/www.centromedicoregionalmixteca.com\/home\/wp-content\/uploads\/2023\/09\/cartel2-sesion-30sep23-cmrm.jpg\" alt=\"\" class=\"wp-image-1506\" style=\"width:549px;height:687px\" width=\"549\" height=\"687\"\/><\/figure>\n\n\n\n<p class=\"wp-block-paragraph\">Segundo cartel promocional de la Sesi\u00f3n M\u00e9dica.<\/p>\n","protected":false},"excerpt":{"rendered":"<p>El Centro M\u00e9dico Regional de la Mixteca llevar\u00e1 a cabo su Sesi\u00f3n M\u00e9dica Presencial del mes con la ponencia titulada &#8220;Epilepsia sin convulsiones&#8221;. Dicho tema estar\u00e1 a cargo de la Dra. Gabriela Arango Salazar, M\u00e9dica Neur\u00f3loga con Especialidad en Epilepsia por el Instituto Nacional de Neurolog\u00eda. La entrada es gratuita y la sesi\u00f3n est\u00e1 dirigida [&hellip;]<\/p>\n","protected":false},"author":3,"featured_media":1484,"comment_status":"open","ping_status":"open","sticky":false,"template":"","format":"standard","meta":{"_et_pb_use_builder":"","_et_pb_old_content":"","_et_gb_content_width":"","footnotes":""},"categories":[11],"tags":[19,144,14,76,91,48,35,145],"class_list":["post-1482","post","type-post","status-publish","format-standard","has-post-thumbnail","hentry","category-sesion-medica","tag-centromedico","tag-epilepsia","tag-evento","tag-hospital","tag-neurologia","tag-ponencia","tag-sesion","tag-sinconvulsiones"],"_links":{"self":[{"href":"https:\/\/www.centromedicoregionalmixteca.com\/home\/wp-json\/wp\/v2\/posts\/1482","targetHints":{"allow":["GET"]}}],"collection":[{"href":"https:\/\/www.centromedicoregionalmixteca.com\/home\/wp-json\/wp\/v2\/posts"}],"about":[{"href":"https:\/\/www.centromedicoregionalmixteca.com\/home\/wp-json\/wp\/v2\/types\/post"}],"author":[{"embeddable":true,"href":"https:\/\/www.centromedicoregionalmixteca.com\/home\/wp-json\/wp\/v2\/users\/3"}],"replies":[{"embeddable":true,"href":"https:\/\/www.centromedicoregionalmixteca.com\/home\/wp-json\/wp\/v2\/comments?post=1482"}],"version-history":[{"count":3,"href":"https:\/\/www.centromedicoregionalmixteca.com\/home\/wp-json\/wp\/v2\/posts\/1482\/revisions"}],"predecessor-version":[{"id":1507,"href":"https:\/\/www.centromedicoregionalmixteca.com\/home\/wp-json\/wp\/v2\/posts\/1482\/revisions\/1507"}],"wp:featuredmedia":[{"embeddable":true,"href":"https:\/\/www.centromedicoregionalmixteca.com\/home\/wp-json\/wp\/v2\/media\/1484"}],"wp:attachment":[{"href":"https:\/\/www.centromedicoregionalmixteca.com\/home\/wp-json\/wp\/v2\/media?parent=1482"}],"wp:term":[{"taxonomy":"category","embeddable":true,"href":"https:\/\/www.centromedicoregionalmixteca.com\/home\/wp-json\/wp\/v2\/categories?post=1482"},{"taxonomy":"post_tag","embeddable":true,"href":"https:\/\/www.centromedicoregionalmixteca.com\/home\/wp-json\/wp\/v2\/tags?post=1482"}],"curies":[{"name":"wp","href":"https:\/\/api.w.org\/{rel}","templated":true}]}}