{"id":1541,"date":"2023-10-12T17:27:12","date_gmt":"2023-10-12T23:27:12","guid":{"rendered":"https:\/\/www.centromedicoregionalmixteca.com\/home\/?p=1541"},"modified":"2023-10-20T08:47:16","modified_gmt":"2023-10-20T14:47:16","slug":"taller-de-actualizacion-en-codigo-trauma","status":"publish","type":"post","link":"https:\/\/www.centromedicoregionalmixteca.com\/home\/taller\/taller-de-actualizacion-en-codigo-trauma\/","title":{"rendered":"Taller de Actualizaci\u00f3n en C\u00f3digo Trauma"},"content":{"rendered":"\n<p class=\"wp-block-paragraph\">El Centro M\u00e9dico Regional de la Mixteca, les extiende una invitaci\u00f3n cordial para que se registren al Taller de Actualizaci\u00f3n en C\u00f3digo Trauma, a cargo del M\u00e9dico Urgenci\u00f3logo, el Dr. Miguel \u00c1ngel Ordu\u00f1a Alor. La cita es el pr\u00f3ximo s\u00e1bado 21 de octubre, en conmemoraci\u00f3n del D\u00eda de la M\u00e9dica y del M\u00e9dico, en horario de 19:30 a 21:30 Hras, en la explanada de la Unidad de Resonancia Magn\u00e9tica, ubicada en Violeta No. 5, interior, Frac. Jardines del Sur, Huajuapan de Le\u00f3n, Oaxaca. El taller es totalmente gratuito y est\u00e1 dirigido a M\u00e9dicos, personal de Enfermer\u00eda, Param\u00e9dicos y Camilleros. \u00a1Cupo limitado!<\/p>\n\n\n\n<p class=\"wp-block-paragraph\"><\/p>\n\n\n\n<p class=\"wp-block-paragraph\">Les compartimos el cartel promocional del taller <\/p>\n\n\n\n<figure class=\"wp-block-image size-full is-resized\"><img loading=\"lazy\" decoding=\"async\" width=\"1080\" height=\"1350\" src=\"https:\/\/www.centromedicoregionalmixteca.com\/home\/wp-content\/uploads\/2023\/10\/cartel2-taller-actualizacion-codigo-trauma-cmr23.jpg\" alt=\"\" class=\"wp-image-1547\" style=\"width:545px;height:681px\" srcset=\"https:\/\/www.centromedicoregionalmixteca.com\/home\/wp-content\/uploads\/2023\/10\/cartel2-taller-actualizacion-codigo-trauma-cmr23.jpg 1080w, https:\/\/www.centromedicoregionalmixteca.com\/home\/wp-content\/uploads\/2023\/10\/cartel2-taller-actualizacion-codigo-trauma-cmr23-980x1225.jpg 980w, https:\/\/www.centromedicoregionalmixteca.com\/home\/wp-content\/uploads\/2023\/10\/cartel2-taller-actualizacion-codigo-trauma-cmr23-480x600.jpg 480w\" sizes=\"(min-width: 0px) and (max-width: 480px) 480px, (min-width: 481px) and (max-width: 980px) 980px, (min-width: 981px) 1080px, 100vw\" \/><\/figure>\n\n\n\n<p class=\"wp-block-paragraph\">Les compartimos la rese\u00f1a curricular de nuestro instructor<\/p>\n\n\n\n<figure class=\"wp-block-image size-full is-resized\"><img loading=\"lazy\" decoding=\"async\" width=\"1080\" height=\"1350\" src=\"https:\/\/www.centromedicoregionalmixteca.com\/home\/wp-content\/uploads\/2023\/10\/CV-Dr.-Orduna-Taller-21oct23-1.jpg\" alt=\"\" class=\"wp-image-1556\" style=\"aspect-ratio:0.8;width:546px;height:auto\" srcset=\"https:\/\/www.centromedicoregionalmixteca.com\/home\/wp-content\/uploads\/2023\/10\/CV-Dr.-Orduna-Taller-21oct23-1.jpg 1080w, https:\/\/www.centromedicoregionalmixteca.com\/home\/wp-content\/uploads\/2023\/10\/CV-Dr.-Orduna-Taller-21oct23-1-980x1225.jpg 980w, https:\/\/www.centromedicoregionalmixteca.com\/home\/wp-content\/uploads\/2023\/10\/CV-Dr.-Orduna-Taller-21oct23-1-480x600.jpg 480w\" sizes=\"(min-width: 0px) and (max-width: 480px) 480px, (min-width: 481px) and (max-width: 980px) 980px, (min-width: 981px) 1080px, 100vw\" \/><\/figure>\n\n\n\n<figure class=\"wp-block-embed is-type-video is-provider-youtube wp-block-embed-youtube wp-embed-aspect-16-9 wp-has-aspect-ratio\"><div class=\"wp-block-embed__wrapper\">\n<iframe loading=\"lazy\" title=\"TALLER DE ACTUALIZACI\u00d3N EN C\u00d3DIGO TRAUMA\" width=\"1080\" height=\"608\" src=\"https:\/\/www.youtube.com\/embed\/WBIMwv66q9M?feature=oembed\" frameborder=\"0\" allow=\"accelerometer; autoplay; clipboard-write; encrypted-media; gyroscope; picture-in-picture; web-share\" allowfullscreen><\/iframe>\n<\/div><figcaption class=\"wp-element-caption\">Video promocional del talle.<\/figcaption><\/figure>\n\n\n\n<figure class=\"wp-block-image size-full\"><img loading=\"lazy\" decoding=\"async\" width=\"1650\" height=\"863\" src=\"https:\/\/www.centromedicoregionalmixteca.com\/home\/wp-content\/uploads\/2023\/10\/post2-taller-21oct23-cmr.jpg\" alt=\"\" class=\"wp-image-1566\" srcset=\"https:\/\/www.centromedicoregionalmixteca.com\/home\/wp-content\/uploads\/2023\/10\/post2-taller-21oct23-cmr.jpg 1650w, https:\/\/www.centromedicoregionalmixteca.com\/home\/wp-content\/uploads\/2023\/10\/post2-taller-21oct23-cmr-1280x669.jpg 1280w, https:\/\/www.centromedicoregionalmixteca.com\/home\/wp-content\/uploads\/2023\/10\/post2-taller-21oct23-cmr-980x513.jpg 980w, https:\/\/www.centromedicoregionalmixteca.com\/home\/wp-content\/uploads\/2023\/10\/post2-taller-21oct23-cmr-480x251.jpg 480w\" sizes=\"(min-width: 0px) and (max-width: 480px) 480px, (min-width: 481px) and (max-width: 980px) 980px, (min-width: 981px) and (max-width: 1280px) 1280px, (min-width: 1281px) 1650px, 100vw\" \/><\/figure>\n","protected":false},"excerpt":{"rendered":"<p>El Centro M\u00e9dico Regional de la Mixteca, les extiende una invitaci\u00f3n cordial para que se registren al Taller de Actualizaci\u00f3n en C\u00f3digo Trauma, a cargo del M\u00e9dico Urgenci\u00f3logo, el Dr. Miguel \u00c1ngel Ordu\u00f1a Alor. La cita es el pr\u00f3ximo s\u00e1bado 21 de octubre, en conmemoraci\u00f3n del D\u00eda de la M\u00e9dica y del M\u00e9dico, en horario [&hellip;]<\/p>\n","protected":false},"author":3,"featured_media":1543,"comment_status":"open","ping_status":"open","sticky":false,"template":"","format":"standard","meta":{"_et_pb_use_builder":"","_et_pb_old_content":"","_et_gb_content_width":"","footnotes":""},"categories":[146],"tags":[56,76,147,41],"class_list":["post-1541","post","type-post","status-publish","format-standard","has-post-thumbnail","hentry","category-taller","tag-codigotrauma","tag-hospital","tag-taller","tag-urgencias"],"_links":{"self":[{"href":"https:\/\/www.centromedicoregionalmixteca.com\/home\/wp-json\/wp\/v2\/posts\/1541","targetHints":{"allow":["GET"]}}],"collection":[{"href":"https:\/\/www.centromedicoregionalmixteca.com\/home\/wp-json\/wp\/v2\/posts"}],"about":[{"href":"https:\/\/www.centromedicoregionalmixteca.com\/home\/wp-json\/wp\/v2\/types\/post"}],"author":[{"embeddable":true,"href":"https:\/\/www.centromedicoregionalmixteca.com\/home\/wp-json\/wp\/v2\/users\/3"}],"replies":[{"embeddable":true,"href":"https:\/\/www.centromedicoregionalmixteca.com\/home\/wp-json\/wp\/v2\/comments?post=1541"}],"version-history":[{"count":5,"href":"https:\/\/www.centromedicoregionalmixteca.com\/home\/wp-json\/wp\/v2\/posts\/1541\/revisions"}],"predecessor-version":[{"id":1567,"href":"https:\/\/www.centromedicoregionalmixteca.com\/home\/wp-json\/wp\/v2\/posts\/1541\/revisions\/1567"}],"wp:featuredmedia":[{"embeddable":true,"href":"https:\/\/www.centromedicoregionalmixteca.com\/home\/wp-json\/wp\/v2\/media\/1543"}],"wp:attachment":[{"href":"https:\/\/www.centromedicoregionalmixteca.com\/home\/wp-json\/wp\/v2\/media?parent=1541"}],"wp:term":[{"taxonomy":"category","embeddable":true,"href":"https:\/\/www.centromedicoregionalmixteca.com\/home\/wp-json\/wp\/v2\/categories?post=1541"},{"taxonomy":"post_tag","embeddable":true,"href":"https:\/\/www.centromedicoregionalmixteca.com\/home\/wp-json\/wp\/v2\/tags?post=1541"}],"curies":[{"name":"wp","href":"https:\/\/api.w.org\/{rel}","templated":true}]}}