{"id":1611,"date":"2023-11-15T20:04:13","date_gmt":"2023-11-16T02:04:13","guid":{"rendered":"https:\/\/www.centromedicoregionalmixteca.com\/home\/?p=1611"},"modified":"2023-11-24T17:28:48","modified_gmt":"2023-11-24T23:28:48","slug":"congreso-de-pediatria-2023","status":"publish","type":"post","link":"https:\/\/www.centromedicoregionalmixteca.com\/home\/congreso\/congreso-de-pediatria-2023\/","title":{"rendered":"Congreso de Pediatr\u00eda 2023"},"content":{"rendered":"\n<p class=\"wp-block-paragraph\">El <a href=\"https:\/\/www.facebook.com\/CentroMedicoRegMixteca?__cft__[0]=AZWzng6I6JSukTzswk2rTJQkJFbqaDiF2zNAcVVZSajSd2jB3sRkeF73fhJdN0gNnczwtMgOrRvU9ZwS0WRB2fpMmJAjcG8Sa0sQGpu-4OYYYevP_nh9KNgWPbiUKJWUgI6921VaAhHWBHMY5IxH0gDXEqZXHlg5rP_C1ZMCA0k0C7H2vb1EI9HQs_Qe1lh2i3w&amp;__tn__=-]K-R\" target=\"_blank\" rel=\"noopener\">Centro M\u00e9dico Regional de la Mixteca<\/a>, se complace en invitarles al Congreso de Pediatr\u00eda en conmemoraci\u00f3n de nuestro 38vo. Aniversario <img loading=\"lazy\" decoding=\"async\" height=\"16\" width=\"16\" alt=\"\ud83c\udfe5\" src=\"https:\/\/static.xx.fbcdn.net\/images\/emoji.php\/v9\/t7b\/1\/16\/1f3e5.png\"><img loading=\"lazy\" decoding=\"async\" height=\"16\" width=\"16\" alt=\"\u2728\ufe0f\" src=\"https:\/\/static.xx.fbcdn.net\/images\/emoji.php\/v9\/tf4\/1\/16\/2728.png\"><img loading=\"lazy\" decoding=\"async\" height=\"16\" width=\"16\" alt=\"\ud83d\udcda\" src=\"https:\/\/static.xx.fbcdn.net\/images\/emoji.php\/v9\/t49\/1\/16\/1f4da.png\"><img loading=\"lazy\" decoding=\"async\" height=\"16\" width=\"16\" alt=\"\ud83d\udc4c\" src=\"https:\/\/static.xx.fbcdn.net\/images\/emoji.php\/v9\/t7b\/1\/16\/1f44c.png\"> Nos honrar\u00e1 contar con su valiosa asistencia el pr\u00f3ximo s\u00e1bado 2 de diciembre, a las 8:00am <img loading=\"lazy\" decoding=\"async\" height=\"16\" width=\"16\" alt=\"\ud83d\uddd3\" src=\"https:\/\/static.xx.fbcdn.net\/images\/emoji.php\/v9\/t5c\/1\/16\/1f5d3.png\"> Contaremos con ponencias acerca de temas especializados, de gran relevancia e importancia para la atenci\u00f3n pedi\u00e1trica <img loading=\"lazy\" decoding=\"async\" height=\"16\" width=\"16\" alt=\"\u2611\ufe0f\" src=\"https:\/\/static.xx.fbcdn.net\/images\/emoji.php\/v9\/t8d\/1\/16\/2611.png\"><\/p>\n\n\n\n<p class=\"wp-block-paragraph\"><img loading=\"lazy\" decoding=\"async\" height=\"16\" width=\"16\" src=\"https:\/\/static.xx.fbcdn.net\/images\/emoji.php\/v9\/t9e\/1\/16\/27a1.png\" alt=\"\u27a1\ufe0f\"> Acompa\u00f1enos en el Gran Sal\u00f3n, del Hotel Garc\u00eda Peral, en Huajuapan de Le\u00f3n. Para mayores informes cont\u00e1ctenos v\u00eda WhatsApp  <img loading=\"lazy\" decoding=\"async\" height=\"16\" width=\"16\" src=\"https:\/\/static.xx.fbcdn.net\/images\/emoji.php\/v9\/td8\/1\/16\/1f4f2.png\" alt=\"\ud83d\udcf2\"> al 9531065426. <\/p>\n\n\n\n<p class=\"wp-block-paragraph\">La entrada es gratuita. El Congreso tendr\u00e1 valor curricular y est\u00e1 dirigido a personal M\u00e9dico y de Enfermer\u00eda, as\u00ed como a profesionales del \u00e1rea de la salud mental. <img loading=\"lazy\" decoding=\"async\" height=\"16\" width=\"16\" src=\"https:\/\/static.xx.fbcdn.net\/images\/emoji.php\/v9\/t5c\/1\/16\/1f468_200d_2695.png\" alt=\"\ud83d\udc68\u200d\u2695\ufe0f\"><img loading=\"lazy\" decoding=\"async\" height=\"16\" width=\"16\" src=\"https:\/\/static.xx.fbcdn.net\/images\/emoji.php\/v9\/t9d\/1\/16\/1f469_200d_2695.png\" alt=\"\ud83d\udc69\u200d\u2695\ufe0f\"><\/p>\n\n\n\n<p class=\"wp-block-paragraph\"> \u00a1Los Esperamos!<\/p>\n\n\n\n<figure class=\"wp-block-image size-full is-resized\"><img loading=\"lazy\" decoding=\"async\" width=\"1080\" height=\"1350\" src=\"https:\/\/www.centromedicoregionalmixteca.com\/home\/wp-content\/uploads\/2023\/11\/Post-Congreso-Pediatria-38aniv-CMRM-edit.png\" alt=\"\" class=\"wp-image-1624\" style=\"width:582px;height:auto\" srcset=\"https:\/\/www.centromedicoregionalmixteca.com\/home\/wp-content\/uploads\/2023\/11\/Post-Congreso-Pediatria-38aniv-CMRM-edit.png 1080w, https:\/\/www.centromedicoregionalmixteca.com\/home\/wp-content\/uploads\/2023\/11\/Post-Congreso-Pediatria-38aniv-CMRM-edit-980x1225.png 980w, https:\/\/www.centromedicoregionalmixteca.com\/home\/wp-content\/uploads\/2023\/11\/Post-Congreso-Pediatria-38aniv-CMRM-edit-480x600.png 480w\" sizes=\"(min-width: 0px) and (max-width: 480px) 480px, (min-width: 481px) and (max-width: 980px) 980px, (min-width: 981px) 1080px, 100vw\" \/><\/figure>\n\n\n\n<p class=\"wp-block-paragraph\">Primer cartel promocional del Congreso.<\/p>\n\n\n\n<p class=\"wp-block-paragraph\"><strong><em>Conozcan a nuestros Ponentes<\/em><\/strong><\/p>\n\n\n\n<figure class=\"wp-block-gallery has-nested-images columns-default is-cropped wp-block-gallery-1 is-layout-flex wp-block-gallery-is-layout-flex\">\n<figure class=\"wp-block-image size-large\"><img loading=\"lazy\" decoding=\"async\" width=\"1080\" height=\"1350\" data-id=\"1639\" src=\"https:\/\/www.centromedicoregionalmixteca.com\/home\/wp-content\/uploads\/2023\/11\/1-1.jpg\" alt=\"\" class=\"wp-image-1639\" srcset=\"https:\/\/www.centromedicoregionalmixteca.com\/home\/wp-content\/uploads\/2023\/11\/1-1.jpg 1080w, https:\/\/www.centromedicoregionalmixteca.com\/home\/wp-content\/uploads\/2023\/11\/1-1-980x1225.jpg 980w, https:\/\/www.centromedicoregionalmixteca.com\/home\/wp-content\/uploads\/2023\/11\/1-1-480x600.jpg 480w\" sizes=\"(min-width: 0px) and (max-width: 480px) 480px, (min-width: 481px) and (max-width: 980px) 980px, (min-width: 981px) 1080px, 100vw\" \/><\/figure>\n\n\n\n<figure class=\"wp-block-image size-large\"><img loading=\"lazy\" decoding=\"async\" width=\"1080\" height=\"1350\" data-id=\"1638\" src=\"https:\/\/www.centromedicoregionalmixteca.com\/home\/wp-content\/uploads\/2023\/11\/2-1.jpg\" alt=\"\" class=\"wp-image-1638\" srcset=\"https:\/\/www.centromedicoregionalmixteca.com\/home\/wp-content\/uploads\/2023\/11\/2-1.jpg 1080w, https:\/\/www.centromedicoregionalmixteca.com\/home\/wp-content\/uploads\/2023\/11\/2-1-980x1225.jpg 980w, https:\/\/www.centromedicoregionalmixteca.com\/home\/wp-content\/uploads\/2023\/11\/2-1-480x600.jpg 480w\" sizes=\"(min-width: 0px) and (max-width: 480px) 480px, (min-width: 481px) and (max-width: 980px) 980px, (min-width: 981px) 1080px, 100vw\" \/><\/figure>\n<\/figure>\n\n\n\n<figure class=\"wp-block-gallery has-nested-images columns-default is-cropped wp-block-gallery-2 is-layout-flex wp-block-gallery-is-layout-flex\">\n<figure class=\"wp-block-image size-large\"><img loading=\"lazy\" decoding=\"async\" width=\"1080\" height=\"1350\" data-id=\"1641\" src=\"https:\/\/www.centromedicoregionalmixteca.com\/home\/wp-content\/uploads\/2023\/11\/3-1.jpg\" alt=\"\" class=\"wp-image-1641\" srcset=\"https:\/\/www.centromedicoregionalmixteca.com\/home\/wp-content\/uploads\/2023\/11\/3-1.jpg 1080w, https:\/\/www.centromedicoregionalmixteca.com\/home\/wp-content\/uploads\/2023\/11\/3-1-980x1225.jpg 980w, https:\/\/www.centromedicoregionalmixteca.com\/home\/wp-content\/uploads\/2023\/11\/3-1-480x600.jpg 480w\" sizes=\"(min-width: 0px) and (max-width: 480px) 480px, (min-width: 481px) and (max-width: 980px) 980px, (min-width: 981px) 1080px, 100vw\" \/><\/figure>\n\n\n\n<figure class=\"wp-block-image size-large\"><img loading=\"lazy\" decoding=\"async\" width=\"1080\" height=\"1350\" data-id=\"1640\" src=\"https:\/\/www.centromedicoregionalmixteca.com\/home\/wp-content\/uploads\/2023\/11\/4-1.jpg\" alt=\"\" class=\"wp-image-1640\" srcset=\"https:\/\/www.centromedicoregionalmixteca.com\/home\/wp-content\/uploads\/2023\/11\/4-1.jpg 1080w, https:\/\/www.centromedicoregionalmixteca.com\/home\/wp-content\/uploads\/2023\/11\/4-1-980x1225.jpg 980w, https:\/\/www.centromedicoregionalmixteca.com\/home\/wp-content\/uploads\/2023\/11\/4-1-480x600.jpg 480w\" sizes=\"(min-width: 0px) and (max-width: 480px) 480px, (min-width: 481px) and (max-width: 980px) 980px, (min-width: 981px) 1080px, 100vw\" \/><\/figure>\n<\/figure>\n\n\n\n<figure class=\"wp-block-gallery has-nested-images columns-default is-cropped wp-block-gallery-3 is-layout-flex wp-block-gallery-is-layout-flex\">\n<figure class=\"wp-block-image size-large\"><img loading=\"lazy\" decoding=\"async\" width=\"1080\" height=\"1350\" data-id=\"1642\" src=\"https:\/\/www.centromedicoregionalmixteca.com\/home\/wp-content\/uploads\/2023\/11\/5-1.jpg\" alt=\"\" class=\"wp-image-1642\" srcset=\"https:\/\/www.centromedicoregionalmixteca.com\/home\/wp-content\/uploads\/2023\/11\/5-1.jpg 1080w, https:\/\/www.centromedicoregionalmixteca.com\/home\/wp-content\/uploads\/2023\/11\/5-1-980x1225.jpg 980w, https:\/\/www.centromedicoregionalmixteca.com\/home\/wp-content\/uploads\/2023\/11\/5-1-480x600.jpg 480w\" sizes=\"(min-width: 0px) and (max-width: 480px) 480px, (min-width: 481px) and (max-width: 980px) 980px, (min-width: 981px) 1080px, 100vw\" \/><\/figure>\n\n\n\n<figure class=\"wp-block-image size-large\"><img loading=\"lazy\" decoding=\"async\" width=\"1080\" height=\"1350\" data-id=\"1643\" src=\"https:\/\/www.centromedicoregionalmixteca.com\/home\/wp-content\/uploads\/2023\/11\/6-1.jpg\" alt=\"\" class=\"wp-image-1643\" srcset=\"https:\/\/www.centromedicoregionalmixteca.com\/home\/wp-content\/uploads\/2023\/11\/6-1.jpg 1080w, https:\/\/www.centromedicoregionalmixteca.com\/home\/wp-content\/uploads\/2023\/11\/6-1-980x1225.jpg 980w, https:\/\/www.centromedicoregionalmixteca.com\/home\/wp-content\/uploads\/2023\/11\/6-1-480x600.jpg 480w\" sizes=\"(min-width: 0px) and (max-width: 480px) 480px, (min-width: 481px) and (max-width: 980px) 980px, (min-width: 981px) 1080px, 100vw\" \/><\/figure>\n<\/figure>\n\n\n\n<figure class=\"wp-block-gallery has-nested-images columns-default is-cropped wp-block-gallery-4 is-layout-flex wp-block-gallery-is-layout-flex\">\n<figure class=\"wp-block-image size-full\"><img loading=\"lazy\" decoding=\"async\" width=\"1080\" height=\"1350\" data-id=\"1659\" src=\"https:\/\/www.centromedicoregionalmixteca.com\/home\/wp-content\/uploads\/2023\/11\/7-3.jpg\" alt=\"\" class=\"wp-image-1659\" srcset=\"https:\/\/www.centromedicoregionalmixteca.com\/home\/wp-content\/uploads\/2023\/11\/7-3.jpg 1080w, https:\/\/www.centromedicoregionalmixteca.com\/home\/wp-content\/uploads\/2023\/11\/7-3-980x1225.jpg 980w, https:\/\/www.centromedicoregionalmixteca.com\/home\/wp-content\/uploads\/2023\/11\/7-3-480x600.jpg 480w\" sizes=\"(min-width: 0px) and (max-width: 480px) 480px, (min-width: 481px) and (max-width: 980px) 980px, (min-width: 981px) 1080px, 100vw\" \/><\/figure>\n\n\n\n<figure class=\"wp-block-image size-large\"><img loading=\"lazy\" decoding=\"async\" width=\"1080\" height=\"1350\" data-id=\"1645\" src=\"https:\/\/www.centromedicoregionalmixteca.com\/home\/wp-content\/uploads\/2023\/11\/8-2.jpg\" alt=\"\" class=\"wp-image-1645\" srcset=\"https:\/\/www.centromedicoregionalmixteca.com\/home\/wp-content\/uploads\/2023\/11\/8-2.jpg 1080w, https:\/\/www.centromedicoregionalmixteca.com\/home\/wp-content\/uploads\/2023\/11\/8-2-980x1225.jpg 980w, https:\/\/www.centromedicoregionalmixteca.com\/home\/wp-content\/uploads\/2023\/11\/8-2-480x600.jpg 480w\" sizes=\"(min-width: 0px) and (max-width: 480px) 480px, (min-width: 481px) and (max-width: 980px) 980px, (min-width: 981px) 1080px, 100vw\" \/><\/figure>\n<\/figure>\n\n\n\n<figure class=\"wp-block-gallery has-nested-images columns-default is-cropped wp-block-gallery-5 is-layout-flex wp-block-gallery-is-layout-flex\">\n<figure class=\"wp-block-image size-large\"><img loading=\"lazy\" decoding=\"async\" width=\"1080\" height=\"1350\" data-id=\"1646\" src=\"https:\/\/www.centromedicoregionalmixteca.com\/home\/wp-content\/uploads\/2023\/11\/9-2.jpg\" alt=\"\" class=\"wp-image-1646\" srcset=\"https:\/\/www.centromedicoregionalmixteca.com\/home\/wp-content\/uploads\/2023\/11\/9-2.jpg 1080w, https:\/\/www.centromedicoregionalmixteca.com\/home\/wp-content\/uploads\/2023\/11\/9-2-980x1225.jpg 980w, https:\/\/www.centromedicoregionalmixteca.com\/home\/wp-content\/uploads\/2023\/11\/9-2-480x600.jpg 480w\" sizes=\"(min-width: 0px) and (max-width: 480px) 480px, (min-width: 481px) and (max-width: 980px) 980px, (min-width: 981px) 1080px, 100vw\" \/><\/figure>\n\n\n\n<figure class=\"wp-block-image size-large\"><img loading=\"lazy\" decoding=\"async\" width=\"1080\" height=\"1350\" data-id=\"1647\" src=\"https:\/\/www.centromedicoregionalmixteca.com\/home\/wp-content\/uploads\/2023\/11\/10-2.jpg\" alt=\"\" class=\"wp-image-1647\" srcset=\"https:\/\/www.centromedicoregionalmixteca.com\/home\/wp-content\/uploads\/2023\/11\/10-2.jpg 1080w, https:\/\/www.centromedicoregionalmixteca.com\/home\/wp-content\/uploads\/2023\/11\/10-2-980x1225.jpg 980w, https:\/\/www.centromedicoregionalmixteca.com\/home\/wp-content\/uploads\/2023\/11\/10-2-480x600.jpg 480w\" sizes=\"(min-width: 0px) and (max-width: 480px) 480px, (min-width: 481px) and (max-width: 980px) 980px, (min-width: 981px) 1080px, 100vw\" \/><\/figure>\n<\/figure>\n\n\n\n<figure class=\"wp-block-gallery has-nested-images columns-default is-cropped wp-block-gallery-6 is-layout-flex wp-block-gallery-is-layout-flex\">\n<figure class=\"wp-block-image size-large\"><img loading=\"lazy\" decoding=\"async\" width=\"1080\" height=\"1350\" data-id=\"1648\" src=\"https:\/\/www.centromedicoregionalmixteca.com\/home\/wp-content\/uploads\/2023\/11\/11-1.jpg\" alt=\"\" class=\"wp-image-1648\" srcset=\"https:\/\/www.centromedicoregionalmixteca.com\/home\/wp-content\/uploads\/2023\/11\/11-1.jpg 1080w, https:\/\/www.centromedicoregionalmixteca.com\/home\/wp-content\/uploads\/2023\/11\/11-1-980x1225.jpg 980w, https:\/\/www.centromedicoregionalmixteca.com\/home\/wp-content\/uploads\/2023\/11\/11-1-480x600.jpg 480w\" sizes=\"(min-width: 0px) and (max-width: 480px) 480px, (min-width: 481px) and (max-width: 980px) 980px, (min-width: 981px) 1080px, 100vw\" \/><\/figure>\n\n\n\n<figure class=\"wp-block-image size-large\"><img loading=\"lazy\" decoding=\"async\" width=\"1080\" height=\"1350\" data-id=\"1649\" src=\"https:\/\/www.centromedicoregionalmixteca.com\/home\/wp-content\/uploads\/2023\/11\/12-1.jpg\" alt=\"\" class=\"wp-image-1649\" srcset=\"https:\/\/www.centromedicoregionalmixteca.com\/home\/wp-content\/uploads\/2023\/11\/12-1.jpg 1080w, https:\/\/www.centromedicoregionalmixteca.com\/home\/wp-content\/uploads\/2023\/11\/12-1-980x1225.jpg 980w, https:\/\/www.centromedicoregionalmixteca.com\/home\/wp-content\/uploads\/2023\/11\/12-1-480x600.jpg 480w\" sizes=\"(min-width: 0px) and (max-width: 480px) 480px, (min-width: 481px) and (max-width: 980px) 980px, (min-width: 981px) 1080px, 100vw\" \/><\/figure>\n<\/figure>\n\n\n\n<p class=\"wp-block-paragraph\">Tr\u00edptico informativo del Congreso<\/p>\n\n\n\n<figure class=\"wp-block-image size-full\"><img loading=\"lazy\" decoding=\"async\" width=\"2000\" height=\"1545\" src=\"https:\/\/www.centromedicoregionalmixteca.com\/home\/wp-content\/uploads\/2023\/11\/portada-triptico-congreso-38-aniversario-cmrm.jpg\" alt=\"\" class=\"wp-image-1654\" srcset=\"https:\/\/www.centromedicoregionalmixteca.com\/home\/wp-content\/uploads\/2023\/11\/portada-triptico-congreso-38-aniversario-cmrm.jpg 2000w, https:\/\/www.centromedicoregionalmixteca.com\/home\/wp-content\/uploads\/2023\/11\/portada-triptico-congreso-38-aniversario-cmrm-1280x989.jpg 1280w, https:\/\/www.centromedicoregionalmixteca.com\/home\/wp-content\/uploads\/2023\/11\/portada-triptico-congreso-38-aniversario-cmrm-980x757.jpg 980w, https:\/\/www.centromedicoregionalmixteca.com\/home\/wp-content\/uploads\/2023\/11\/portada-triptico-congreso-38-aniversario-cmrm-480x371.jpg 480w\" sizes=\"(min-width: 0px) and (max-width: 480px) 480px, (min-width: 481px) and (max-width: 980px) 980px, (min-width: 981px) and (max-width: 1280px) 1280px, (min-width: 1281px) 2000px, 100vw\" \/><\/figure>\n\n\n\n<figure class=\"wp-block-image size-full\"><img loading=\"lazy\" decoding=\"async\" width=\"2000\" height=\"1545\" src=\"https:\/\/www.centromedicoregionalmixteca.com\/home\/wp-content\/uploads\/2023\/11\/interior-triptico-congreso-38-aniversario-cmrm-1.jpg\" alt=\"\" class=\"wp-image-1660\" srcset=\"https:\/\/www.centromedicoregionalmixteca.com\/home\/wp-content\/uploads\/2023\/11\/interior-triptico-congreso-38-aniversario-cmrm-1.jpg 2000w, https:\/\/www.centromedicoregionalmixteca.com\/home\/wp-content\/uploads\/2023\/11\/interior-triptico-congreso-38-aniversario-cmrm-1-1280x989.jpg 1280w, https:\/\/www.centromedicoregionalmixteca.com\/home\/wp-content\/uploads\/2023\/11\/interior-triptico-congreso-38-aniversario-cmrm-1-980x757.jpg 980w, https:\/\/www.centromedicoregionalmixteca.com\/home\/wp-content\/uploads\/2023\/11\/interior-triptico-congreso-38-aniversario-cmrm-1-480x371.jpg 480w\" sizes=\"(min-width: 0px) and (max-width: 480px) 480px, (min-width: 481px) and (max-width: 980px) 980px, (min-width: 981px) and (max-width: 1280px) 1280px, (min-width: 1281px) 2000px, 100vw\" \/><\/figure>\n\n\n\n<figure class=\"wp-block-image size-full is-resized\"><img loading=\"lazy\" decoding=\"async\" width=\"889\" height=\"2000\" src=\"https:\/\/www.centromedicoregionalmixteca.com\/home\/wp-content\/uploads\/2023\/11\/lona-80x180cm-38vo-aniv-cmr.jpg\" alt=\"\" class=\"wp-image-1662\" style=\"width:325px;height:auto\" srcset=\"https:\/\/www.centromedicoregionalmixteca.com\/home\/wp-content\/uploads\/2023\/11\/lona-80x180cm-38vo-aniv-cmr.jpg 889w, https:\/\/www.centromedicoregionalmixteca.com\/home\/wp-content\/uploads\/2023\/11\/lona-80x180cm-38vo-aniv-cmr-480x1080.jpg 480w\" sizes=\"(min-width: 0px) and (max-width: 480px) 480px, (min-width: 481px) 889px, 100vw\" \/><\/figure>\n","protected":false},"excerpt":{"rendered":"<p>El Centro M\u00e9dico Regional de la Mixteca, se complace en invitarles al Congreso de Pediatr\u00eda en conmemoraci\u00f3n de nuestro 38vo. Aniversario Nos honrar\u00e1 contar con su valiosa asistencia el pr\u00f3ximo s\u00e1bado 2 de diciembre, a las 8:00am Contaremos con ponencias acerca de temas especializados, de gran relevancia e importancia para la atenci\u00f3n pedi\u00e1trica Acompa\u00f1enos en [&hellip;]<\/p>\n","protected":false},"author":3,"featured_media":1664,"comment_status":"open","ping_status":"open","sticky":false,"template":"","format":"standard","meta":{"_et_pb_use_builder":"","_et_pb_old_content":"","_et_gb_content_width":"","footnotes":""},"categories":[134],"tags":[57,19,99,17,76,60,94],"class_list":["post-1611","post","type-post","status-publish","format-standard","has-post-thumbnail","hentry","category-congreso","tag-aniversario","tag-centromedico","tag-congreso","tag-enfermeria","tag-hospital","tag-medicos","tag-pediatria"],"_links":{"self":[{"href":"https:\/\/www.centromedicoregionalmixteca.com\/home\/wp-json\/wp\/v2\/posts\/1611","targetHints":{"allow":["GET"]}}],"collection":[{"href":"https:\/\/www.centromedicoregionalmixteca.com\/home\/wp-json\/wp\/v2\/posts"}],"about":[{"href":"https:\/\/www.centromedicoregionalmixteca.com\/home\/wp-json\/wp\/v2\/types\/post"}],"author":[{"embeddable":true,"href":"https:\/\/www.centromedicoregionalmixteca.com\/home\/wp-json\/wp\/v2\/users\/3"}],"replies":[{"embeddable":true,"href":"https:\/\/www.centromedicoregionalmixteca.com\/home\/wp-json\/wp\/v2\/comments?post=1611"}],"version-history":[{"count":4,"href":"https:\/\/www.centromedicoregionalmixteca.com\/home\/wp-json\/wp\/v2\/posts\/1611\/revisions"}],"predecessor-version":[{"id":1663,"href":"https:\/\/www.centromedicoregionalmixteca.com\/home\/wp-json\/wp\/v2\/posts\/1611\/revisions\/1663"}],"wp:featuredmedia":[{"embeddable":true,"href":"https:\/\/www.centromedicoregionalmixteca.com\/home\/wp-json\/wp\/v2\/media\/1664"}],"wp:attachment":[{"href":"https:\/\/www.centromedicoregionalmixteca.com\/home\/wp-json\/wp\/v2\/media?parent=1611"}],"wp:term":[{"taxonomy":"category","embeddable":true,"href":"https:\/\/www.centromedicoregionalmixteca.com\/home\/wp-json\/wp\/v2\/categories?post=1611"},{"taxonomy":"post_tag","embeddable":true,"href":"https:\/\/www.centromedicoregionalmixteca.com\/home\/wp-json\/wp\/v2\/tags?post=1611"}],"curies":[{"name":"wp","href":"https:\/\/api.w.org\/{rel}","templated":true}]}}