{"id":1847,"date":"2024-05-03T19:21:57","date_gmt":"2024-05-04T01:21:57","guid":{"rendered":"https:\/\/www.centromedicoregionalmixteca.com\/home\/?p=1847"},"modified":"2024-06-03T19:10:27","modified_gmt":"2024-06-04T01:10:27","slug":"ix-congreso-de-urgencias-2024","status":"publish","type":"post","link":"https:\/\/www.centromedicoregionalmixteca.com\/home\/congreso\/ix-congreso-de-urgencias-2024\/","title":{"rendered":"IX CONGRESO DE URGENCIAS 2024"},"content":{"rendered":"\n<p class=\"has-black-color has-text-color has-link-color wp-elements-1 wp-block-paragraph\">El Centro M\u00e9dico Regional de la Mixteca se complace en invitarles a que asistan al IX Congreso de Urgencias M\u00e9dico Quir\u00fargicas, que se llevar\u00e1 a cabo los d\u00edas 1 y 2 de junio, en el Hotel Garc\u00eda Peral, en Huajuapan de Le\u00f3n, Oaxaca. <\/p>\n\n\n\n<p class=\"has-black-color has-text-color has-link-color wp-elements-2 wp-block-paragraph\">Nuestro compromiso es brindarles Conferencias y Talleres con temas de gran inter\u00e9s y relevancia, con el objetivo de enriquecer la pr\u00e1ctica M\u00e9dica en la regi\u00f3n. <\/p>\n\n\n\n<p class=\"has-black-color has-text-color has-link-color wp-elements-3 wp-block-paragraph\">Esperen m\u00e1s informaci\u00f3n acerca de este importante evento. \u00a1Esperamos contar con su valiosa presencia!<\/p>\n\n\n\n<figure class=\"wp-block-image size-full is-resized\"><img loading=\"lazy\" decoding=\"async\" width=\"1080\" height=\"1350\" src=\"https:\/\/www.centromedicoregionalmixteca.com\/home\/wp-content\/uploads\/2024\/05\/post1-IX-Congreso-CMRM-Junio2024.png\" alt=\"\" class=\"wp-image-1857\" style=\"width:495px;height:auto\" srcset=\"https:\/\/www.centromedicoregionalmixteca.com\/home\/wp-content\/uploads\/2024\/05\/post1-IX-Congreso-CMRM-Junio2024.png 1080w, https:\/\/www.centromedicoregionalmixteca.com\/home\/wp-content\/uploads\/2024\/05\/post1-IX-Congreso-CMRM-Junio2024-980x1225.png 980w, https:\/\/www.centromedicoregionalmixteca.com\/home\/wp-content\/uploads\/2024\/05\/post1-IX-Congreso-CMRM-Junio2024-480x600.png 480w\" sizes=\"(min-width: 0px) and (max-width: 480px) 480px, (min-width: 481px) and (max-width: 980px) 980px, (min-width: 981px) 1080px, 100vw\" \/><\/figure>\n\n\n\n<p class=\"has-vivid-cyan-blue-color has-text-color has-link-color wp-elements-4 wp-block-paragraph\"><em>Primer cartel promocional del evento.<\/em><\/p>\n\n\n\n<figure class=\"wp-block-image size-full is-resized\"><img loading=\"lazy\" decoding=\"async\" width=\"1080\" height=\"1920\" src=\"https:\/\/www.centromedicoregionalmixteca.com\/home\/wp-content\/uploads\/2024\/05\/cartel-programa-IX-Congreso-CMRM_actualizado.png\" alt=\"\" class=\"wp-image-1868\" style=\"width:570px;height:auto\" srcset=\"https:\/\/www.centromedicoregionalmixteca.com\/home\/wp-content\/uploads\/2024\/05\/cartel-programa-IX-Congreso-CMRM_actualizado.png 1080w, https:\/\/www.centromedicoregionalmixteca.com\/home\/wp-content\/uploads\/2024\/05\/cartel-programa-IX-Congreso-CMRM_actualizado-980x1742.png 980w, https:\/\/www.centromedicoregionalmixteca.com\/home\/wp-content\/uploads\/2024\/05\/cartel-programa-IX-Congreso-CMRM_actualizado-480x853.png 480w\" sizes=\"(min-width: 0px) and (max-width: 480px) 480px, (min-width: 481px) and (max-width: 980px) 980px, (min-width: 981px) 1080px, 100vw\" \/><\/figure>\n\n\n\n<p class=\"has-vivid-cyan-blue-color has-text-color has-link-color wp-elements-5 wp-block-paragraph\"><em>Cartel promocional con el programa del Congreso.<\/em><\/p>\n\n\n\n<figure class=\"wp-block-image size-full is-resized\"><img loading=\"lazy\" decoding=\"async\" width=\"2000\" height=\"1545\" src=\"https:\/\/www.centromedicoregionalmixteca.com\/home\/wp-content\/uploads\/2024\/06\/triptico-frente-IX-congreso-urgencias-cmrm-2024.jpg\" alt=\"\" class=\"wp-image-1878\" style=\"width:573px;height:auto\" srcset=\"https:\/\/www.centromedicoregionalmixteca.com\/home\/wp-content\/uploads\/2024\/06\/triptico-frente-IX-congreso-urgencias-cmrm-2024.jpg 2000w, https:\/\/www.centromedicoregionalmixteca.com\/home\/wp-content\/uploads\/2024\/06\/triptico-frente-IX-congreso-urgencias-cmrm-2024-1280x989.jpg 1280w, https:\/\/www.centromedicoregionalmixteca.com\/home\/wp-content\/uploads\/2024\/06\/triptico-frente-IX-congreso-urgencias-cmrm-2024-980x757.jpg 980w, https:\/\/www.centromedicoregionalmixteca.com\/home\/wp-content\/uploads\/2024\/06\/triptico-frente-IX-congreso-urgencias-cmrm-2024-480x371.jpg 480w\" sizes=\"(min-width: 0px) and (max-width: 480px) 480px, (min-width: 481px) and (max-width: 980px) 980px, (min-width: 981px) and (max-width: 1280px) 1280px, (min-width: 1281px) 2000px, 100vw\" \/><\/figure>\n\n\n\n<figure class=\"wp-block-image size-full is-resized\"><img loading=\"lazy\" decoding=\"async\" width=\"2000\" height=\"1545\" src=\"https:\/\/www.centromedicoregionalmixteca.com\/home\/wp-content\/uploads\/2024\/06\/triptico-reverso-IX-congreso-urgencias-cmrm-2024.jpg\" alt=\"\" class=\"wp-image-1879\" style=\"width:576px;height:auto\" srcset=\"https:\/\/www.centromedicoregionalmixteca.com\/home\/wp-content\/uploads\/2024\/06\/triptico-reverso-IX-congreso-urgencias-cmrm-2024.jpg 2000w, https:\/\/www.centromedicoregionalmixteca.com\/home\/wp-content\/uploads\/2024\/06\/triptico-reverso-IX-congreso-urgencias-cmrm-2024-1280x989.jpg 1280w, https:\/\/www.centromedicoregionalmixteca.com\/home\/wp-content\/uploads\/2024\/06\/triptico-reverso-IX-congreso-urgencias-cmrm-2024-980x757.jpg 980w, https:\/\/www.centromedicoregionalmixteca.com\/home\/wp-content\/uploads\/2024\/06\/triptico-reverso-IX-congreso-urgencias-cmrm-2024-480x371.jpg 480w\" sizes=\"(min-width: 0px) and (max-width: 480px) 480px, (min-width: 481px) and (max-width: 980px) 980px, (min-width: 981px) and (max-width: 1280px) 1280px, (min-width: 1281px) 2000px, 100vw\" \/><\/figure>\n\n\n\n<p class=\"wp-block-paragraph\">Tr\u00edptico del Congreso.<\/p>\n\n\n\n<figure class=\"wp-block-embed is-type-video is-provider-youtube wp-block-embed-youtube wp-embed-aspect-16-9 wp-has-aspect-ratio\"><div class=\"wp-block-embed__wrapper\">\n<iframe loading=\"lazy\" title=\"Remembranza IX Congreso Urgencias M\u00e9dico Quir\u00fargicas\" width=\"1080\" height=\"608\" src=\"https:\/\/www.youtube.com\/embed\/JAf-gghCOVA?feature=oembed\" frameborder=\"0\" allow=\"accelerometer; autoplay; clipboard-write; encrypted-media; gyroscope; picture-in-picture; web-share\" referrerpolicy=\"strict-origin-when-cross-origin\" allowfullscreen><\/iframe>\n<\/div><\/figure>\n","protected":false},"excerpt":{"rendered":"<p>El Centro M\u00e9dico Regional de la Mixteca se complace en invitarles a que asistan al IX Congreso de Urgencias M\u00e9dico Quir\u00fargicas, que se llevar\u00e1 a cabo los d\u00edas 1 y 2 de junio, en el Hotel Garc\u00eda Peral, en Huajuapan de Le\u00f3n, Oaxaca. Nuestro compromiso es brindarles Conferencias y Talleres con temas de gran inter\u00e9s [&hellip;]<\/p>\n","protected":false},"author":1,"featured_media":1849,"comment_status":"open","ping_status":"open","sticky":false,"template":"","format":"standard","meta":{"_et_pb_use_builder":"","_et_pb_old_content":"","_et_gb_content_width":"","footnotes":""},"categories":[134],"tags":[149,150,16,55,148,94,152,63,151,41],"class_list":["post-1847","post","type-post","status-publish","format-standard","has-post-thumbnail","hentry","category-congreso","tag-cirugia","tag-conferencias","tag-diabetes","tag-eventogratuito","tag-ixcongreso","tag-pediatria","tag-psiquiatria","tag-talleres","tag-trauma","tag-urgencias"],"_links":{"self":[{"href":"https:\/\/www.centromedicoregionalmixteca.com\/home\/wp-json\/wp\/v2\/posts\/1847","targetHints":{"allow":["GET"]}}],"collection":[{"href":"https:\/\/www.centromedicoregionalmixteca.com\/home\/wp-json\/wp\/v2\/posts"}],"about":[{"href":"https:\/\/www.centromedicoregionalmixteca.com\/home\/wp-json\/wp\/v2\/types\/post"}],"author":[{"embeddable":true,"href":"https:\/\/www.centromedicoregionalmixteca.com\/home\/wp-json\/wp\/v2\/users\/1"}],"replies":[{"embeddable":true,"href":"https:\/\/www.centromedicoregionalmixteca.com\/home\/wp-json\/wp\/v2\/comments?post=1847"}],"version-history":[{"count":5,"href":"https:\/\/www.centromedicoregionalmixteca.com\/home\/wp-json\/wp\/v2\/posts\/1847\/revisions"}],"predecessor-version":[{"id":1881,"href":"https:\/\/www.centromedicoregionalmixteca.com\/home\/wp-json\/wp\/v2\/posts\/1847\/revisions\/1881"}],"wp:featuredmedia":[{"embeddable":true,"href":"https:\/\/www.centromedicoregionalmixteca.com\/home\/wp-json\/wp\/v2\/media\/1849"}],"wp:attachment":[{"href":"https:\/\/www.centromedicoregionalmixteca.com\/home\/wp-json\/wp\/v2\/media?parent=1847"}],"wp:term":[{"taxonomy":"category","embeddable":true,"href":"https:\/\/www.centromedicoregionalmixteca.com\/home\/wp-json\/wp\/v2\/categories?post=1847"},{"taxonomy":"post_tag","embeddable":true,"href":"https:\/\/www.centromedicoregionalmixteca.com\/home\/wp-json\/wp\/v2\/tags?post=1847"}],"curies":[{"name":"wp","href":"https:\/\/api.w.org\/{rel}","templated":true}]}}