{"id":559,"date":"2021-05-26T19:44:26","date_gmt":"2021-05-27T00:44:26","guid":{"rendered":"https:\/\/www.centromedicoregionalmixteca.com\/home\/?p=559"},"modified":"2021-05-26T19:44:36","modified_gmt":"2021-05-27T00:44:36","slug":"evento-academico-problemas-oculares-en-el-paciente-adulto-mayor","status":"publish","type":"post","link":"https:\/\/www.centromedicoregionalmixteca.com\/home\/evento-academico\/evento-academico-problemas-oculares-en-el-paciente-adulto-mayor\/","title":{"rendered":"Evento Acad\u00e9mico &#8220;Problemas Oculares en el Paciente Adulto Mayor&#8221;"},"content":{"rendered":"\n<h3 class=\"wp-block-heading\">Los invitamos a unirse a nuestro pr\u00f3ximo evento acad\u00e9mico titulado &#8220;Problemas Oculares en el paciente adulto mayor&#8221; a cargo del Dr. Sergio Azarel Morales Ramos \/ M\u00e9dico Oftalm\u00f3logo con Alta Especialidad en Glaucoma. El evento se llevar\u00e1 a cabo el d\u00eda 28 de Mayo de 2021 a las 20:30 Hrs. a trav\u00e9s de nuestro grupo oficial de Facebook \/ ACADEMIA CMR. \u00a1Los esperamos!<\/h3>\n\n\n\n<figure class=\"wp-block-image size-large\"><img loading=\"lazy\" decoding=\"async\" width=\"792\" height=\"1224\" src=\"https:\/\/www.centromedicoregionalmixteca.com\/home\/wp-content\/uploads\/2021\/05\/promo-evento-28may-academiacmr-FB.jpg\" alt=\"\" class=\"wp-image-561\" srcset=\"https:\/\/www.centromedicoregionalmixteca.com\/home\/wp-content\/uploads\/2021\/05\/promo-evento-28may-academiacmr-FB.jpg 792w, https:\/\/www.centromedicoregionalmixteca.com\/home\/wp-content\/uploads\/2021\/05\/promo-evento-28may-academiacmr-FB-480x742.jpg 480w\" sizes=\"(min-width: 0px) and (max-width: 480px) 480px, (min-width: 481px) 792px, 100vw\" \/><\/figure>\n","protected":false},"excerpt":{"rendered":"<p>Los invitamos a unirse a nuestro pr\u00f3ximo evento acad\u00e9mico titulado &#8220;Problemas Oculares en el paciente adulto mayor&#8221; a cargo del Dr. Sergio Azarel Morales Ramos \/ M\u00e9dico Oftalm\u00f3logo con Alta Especialidad en Glaucoma. El evento se llevar\u00e1 a cabo el d\u00eda 28 de Mayo de 2021 a las 20:30 Hrs. a trav\u00e9s de nuestro grupo [&hellip;]<\/p>\n","protected":false},"author":3,"featured_media":563,"comment_status":"open","ping_status":"open","sticky":false,"template":"","format":"standard","meta":{"_et_pb_use_builder":"","_et_pb_old_content":"","_et_gb_content_width":"","footnotes":""},"categories":[13],"tags":[22,14,21],"class_list":["post-559","post","type-post","status-publish","format-standard","has-post-thumbnail","hentry","category-evento-academico","tag-academia","tag-evento","tag-glaucoma"],"_links":{"self":[{"href":"https:\/\/www.centromedicoregionalmixteca.com\/home\/wp-json\/wp\/v2\/posts\/559","targetHints":{"allow":["GET"]}}],"collection":[{"href":"https:\/\/www.centromedicoregionalmixteca.com\/home\/wp-json\/wp\/v2\/posts"}],"about":[{"href":"https:\/\/www.centromedicoregionalmixteca.com\/home\/wp-json\/wp\/v2\/types\/post"}],"author":[{"embeddable":true,"href":"https:\/\/www.centromedicoregionalmixteca.com\/home\/wp-json\/wp\/v2\/users\/3"}],"replies":[{"embeddable":true,"href":"https:\/\/www.centromedicoregionalmixteca.com\/home\/wp-json\/wp\/v2\/comments?post=559"}],"version-history":[{"count":1,"href":"https:\/\/www.centromedicoregionalmixteca.com\/home\/wp-json\/wp\/v2\/posts\/559\/revisions"}],"predecessor-version":[{"id":562,"href":"https:\/\/www.centromedicoregionalmixteca.com\/home\/wp-json\/wp\/v2\/posts\/559\/revisions\/562"}],"wp:featuredmedia":[{"embeddable":true,"href":"https:\/\/www.centromedicoregionalmixteca.com\/home\/wp-json\/wp\/v2\/media\/563"}],"wp:attachment":[{"href":"https:\/\/www.centromedicoregionalmixteca.com\/home\/wp-json\/wp\/v2\/media?parent=559"}],"wp:term":[{"taxonomy":"category","embeddable":true,"href":"https:\/\/www.centromedicoregionalmixteca.com\/home\/wp-json\/wp\/v2\/categories?post=559"},{"taxonomy":"post_tag","embeddable":true,"href":"https:\/\/www.centromedicoregionalmixteca.com\/home\/wp-json\/wp\/v2\/tags?post=559"}],"curies":[{"name":"wp","href":"https:\/\/api.w.org\/{rel}","templated":true}]}}