{"id":565,"date":"2021-06-07T17:40:57","date_gmt":"2021-06-07T22:40:57","guid":{"rendered":"https:\/\/www.centromedicoregionalmixteca.com\/home\/?p=565"},"modified":"2021-06-07T17:41:03","modified_gmt":"2021-06-07T22:41:03","slug":"evento-academico-actualidades-en-el-manejo-de-traumatismo-craneoencefalico","status":"publish","type":"post","link":"https:\/\/www.centromedicoregionalmixteca.com\/home\/evento-academico\/evento-academico-actualidades-en-el-manejo-de-traumatismo-craneoencefalico\/","title":{"rendered":"Evento Acad\u00e9mico \u201cActualidades en el Manejo de Traumatismo Craneoencef\u00e1lico\u201d"},"content":{"rendered":"\n<p class=\"wp-block-paragraph\">El <strong>Centro M\u00e9dico Regional de la Mixteca<\/strong> los invita a unirse al pr\u00f3ximo evento acad\u00e9mico titulado <strong>\u201cActualidades en el Manejo de Traumatismo Craneoencef\u00e1lico\u201d<\/strong> a cargo del ponente, el <strong>Dr. Artemio P\u00e9rez Barbosa<\/strong> \/ <em>M\u00e9dico Especialista en Neurocirug\u00eda<\/em>. Dicho evento se transmitir\u00e1 el viernes <strong>25 de junio de 2021<\/strong>, a las<em> 20:30Hrs.<\/em> a trav\u00e9s del grupo oficial de Facebook <strong><em>@ACADEMIA CMR. <\/em><\/strong>Durante su transmisi\u00f3n, se compartir\u00e1 conocimiento valioso y relevante para atender lo concerniente al manejo actual de los traumatismos craneoencef\u00e1licos, lo cual sin duda aportar\u00e1 herramientas \u00fatiles en pro de una mejor atenci\u00f3n medica en la regi\u00f3n.<\/p>\n\n\n\n<p class=\"wp-block-paragraph\"><\/p>\n\n\n\n<figure class=\"wp-block-gallery columns-1 is-cropped wp-block-gallery-1 is-layout-flex wp-block-gallery-is-layout-flex\"><ul class=\"blocks-gallery-grid\"><li class=\"blocks-gallery-item\"><figure><img loading=\"lazy\" decoding=\"async\" width=\"1656\" height=\"2560\" src=\"https:\/\/www.centromedicoregionalmixteca.com\/home\/wp-content\/uploads\/2021\/06\/cartel-promo-evento-25jun-2021-cambios-scaled.jpg\" alt=\"\" data-id=\"567\" data-full-url=\"https:\/\/www.centromedicoregionalmixteca.com\/home\/wp-content\/uploads\/2021\/06\/cartel-promo-evento-25jun-2021-cambios-scaled.jpg\" data-link=\"https:\/\/www.centromedicoregionalmixteca.com\/home\/?attachment_id=567\" class=\"wp-image-567\" srcset=\"https:\/\/www.centromedicoregionalmixteca.com\/home\/wp-content\/uploads\/2021\/06\/cartel-promo-evento-25jun-2021-cambios-scaled.jpg 1656w, https:\/\/www.centromedicoregionalmixteca.com\/home\/wp-content\/uploads\/2021\/06\/cartel-promo-evento-25jun-2021-cambios-1280x1979.jpg 1280w, https:\/\/www.centromedicoregionalmixteca.com\/home\/wp-content\/uploads\/2021\/06\/cartel-promo-evento-25jun-2021-cambios-980x1515.jpg 980w, https:\/\/www.centromedicoregionalmixteca.com\/home\/wp-content\/uploads\/2021\/06\/cartel-promo-evento-25jun-2021-cambios-480x742.jpg 480w\" sizes=\"(min-width: 0px) and (max-width: 480px) 480px, (min-width: 481px) and (max-width: 980px) 980px, (min-width: 981px) and (max-width: 1280px) 1280px, (min-width: 1281px) 1656px, 100vw\" \/><\/figure><\/li><\/ul><\/figure>\n","protected":false},"excerpt":{"rendered":"<p>Obt\u00e9n conocimiento valioso y relevante para atender lo concerniente al manejo actual de los traumatismos craneoencef\u00e1licos, lo cual sin duda aportar\u00e1 herramientas \u00fatiles en pro de una mejor atenci\u00f3n medica en la regi\u00f3n.<\/p>\n","protected":false},"author":3,"featured_media":566,"comment_status":"open","ping_status":"open","sticky":false,"template":"","format":"standard","meta":{"_et_pb_use_builder":"","_et_pb_old_content":"","_et_gb_content_width":"","footnotes":""},"categories":[13],"tags":[15,24,25,23],"class_list":["post-565","post","type-post","status-publish","format-standard","has-post-thumbnail","hentry","category-evento-academico","tag-academico","tag-craneoencefalico","tag-neurocirugia","tag-traumatismo"],"_links":{"self":[{"href":"https:\/\/www.centromedicoregionalmixteca.com\/home\/wp-json\/wp\/v2\/posts\/565","targetHints":{"allow":["GET"]}}],"collection":[{"href":"https:\/\/www.centromedicoregionalmixteca.com\/home\/wp-json\/wp\/v2\/posts"}],"about":[{"href":"https:\/\/www.centromedicoregionalmixteca.com\/home\/wp-json\/wp\/v2\/types\/post"}],"author":[{"embeddable":true,"href":"https:\/\/www.centromedicoregionalmixteca.com\/home\/wp-json\/wp\/v2\/users\/3"}],"replies":[{"embeddable":true,"href":"https:\/\/www.centromedicoregionalmixteca.com\/home\/wp-json\/wp\/v2\/comments?post=565"}],"version-history":[{"count":4,"href":"https:\/\/www.centromedicoregionalmixteca.com\/home\/wp-json\/wp\/v2\/posts\/565\/revisions"}],"predecessor-version":[{"id":571,"href":"https:\/\/www.centromedicoregionalmixteca.com\/home\/wp-json\/wp\/v2\/posts\/565\/revisions\/571"}],"wp:featuredmedia":[{"embeddable":true,"href":"https:\/\/www.centromedicoregionalmixteca.com\/home\/wp-json\/wp\/v2\/media\/566"}],"wp:attachment":[{"href":"https:\/\/www.centromedicoregionalmixteca.com\/home\/wp-json\/wp\/v2\/media?parent=565"}],"wp:term":[{"taxonomy":"category","embeddable":true,"href":"https:\/\/www.centromedicoregionalmixteca.com\/home\/wp-json\/wp\/v2\/categories?post=565"},{"taxonomy":"post_tag","embeddable":true,"href":"https:\/\/www.centromedicoregionalmixteca.com\/home\/wp-json\/wp\/v2\/tags?post=565"}],"curies":[{"name":"wp","href":"https:\/\/api.w.org\/{rel}","templated":true}]}}