{"id":603,"date":"2021-07-06T18:08:35","date_gmt":"2021-07-06T23:08:35","guid":{"rendered":"https:\/\/www.centromedicoregionalmixteca.com\/home\/?p=603"},"modified":"2021-07-06T18:10:39","modified_gmt":"2021-07-06T23:10:39","slug":"sesion-academica-actualizacion-en-diagnostico-y-tratamiento-de-la-preeclampsia","status":"publish","type":"post","link":"https:\/\/www.centromedicoregionalmixteca.com\/home\/evento-academico\/sesion-academica-actualizacion-en-diagnostico-y-tratamiento-de-la-preeclampsia\/","title":{"rendered":"Sesi\u00f3n Acad\u00e9mica: Actualizaci\u00f3n en diagn\u00f3stico y tratamiento de la preeclampsia"},"content":{"rendered":"\n<p class=\"wp-block-paragraph\">El Centro M\u00e9dico Regional de la Mixteca, en su b\u00fasqueda constante por la mejora de la atenci\u00f3n m\u00e9dica en la regi\u00f3n, se complace en invitar a todo el personal de salud e interesados, en unirse a la pr\u00f3xima sesi\u00f3n acad\u00e9mica titulada: &#8220;Actualizaci\u00f3n en diagn\u00f3stico y tratamiento de la preeclampsia&#8221; a cargo del ponente, el Dr. Carlos J. Fran\u00e7oise Mart\u00ednez \/ M\u00e9dico Especialista en Ginecolog\u00eda y Obstetricia. Dicho evento se transmitir\u00e1 a trav\u00e9s de nuestro grupo oficial de Facebook @ACADEMIA CMR, el d\u00eda viernes 30 de julio de 2021, a las 20:30 Hrs. Este tema es de suma importancia, debido a que se trata de una complicaci\u00f3n del embarazo potencialmente severa, por lo tanto, el conocimiento compartido por el Dr. Carlos J. Fran\u00e7oise Mart\u00ednez, sin duda ser\u00e1 de gran utilidad y aportar\u00e1 herramientas para brindar un diagn\u00f3stico y tratamiento id\u00f3neo. \u00a1Esp\u00e9renlo!<\/p>\n\n\n\n<figure class=\"wp-block-image size-large\"><img loading=\"lazy\" decoding=\"async\" width=\"1280\" height=\"677\" src=\"https:\/\/www.centromedicoregionalmixteca.com\/home\/wp-content\/uploads\/2021\/07\/FACHADA-EDIT-WEB.png\" alt=\"\" class=\"wp-image-604\" srcset=\"https:\/\/www.centromedicoregionalmixteca.com\/home\/wp-content\/uploads\/2021\/07\/FACHADA-EDIT-WEB.png 1280w, https:\/\/www.centromedicoregionalmixteca.com\/home\/wp-content\/uploads\/2021\/07\/FACHADA-EDIT-WEB-980x518.png 980w, https:\/\/www.centromedicoregionalmixteca.com\/home\/wp-content\/uploads\/2021\/07\/FACHADA-EDIT-WEB-480x254.png 480w\" sizes=\"(min-width: 0px) and (max-width: 480px) 480px, (min-width: 481px) and (max-width: 980px) 980px, (min-width: 981px) 1280px, 100vw\" \/><\/figure>\n\n\n\n<h3 class=\"has-text-align-center wp-block-heading\">La Academia CMR tiene como objetivo aportar herramientas y  conocimiento que permita una constante mejor\u00eda y evoluci\u00f3n en la atenci\u00f3n m\u00e9dica para nuestra poblaci\u00f3n. <\/h3>\n","protected":false},"excerpt":{"rendered":"<p>El Centro M\u00e9dico Regional de la Mixteca, en su b\u00fasqueda constante por la mejora de la atenci\u00f3n m\u00e9dica en la regi\u00f3n, se complace en invitar a todo el personal de salud e interesados, en unirse a la pr\u00f3xima sesi\u00f3n acad\u00e9mica titulada: &#8220;Actualizaci\u00f3n en diagn\u00f3stico y tratamiento de la preeclampsia&#8221; a cargo del ponente, el Dr. [&hellip;]<\/p>\n","protected":false},"author":3,"featured_media":605,"comment_status":"open","ping_status":"open","sticky":false,"template":"","format":"standard","meta":{"_et_pb_use_builder":"","_et_pb_old_content":"","_et_gb_content_width":"","footnotes":""},"categories":[13],"tags":[27,28,26],"class_list":["post-603","post","type-post","status-publish","format-standard","has-post-thumbnail","hentry","category-evento-academico","tag-ginecologia","tag-obstetricia","tag-preeclampsia"],"_links":{"self":[{"href":"https:\/\/www.centromedicoregionalmixteca.com\/home\/wp-json\/wp\/v2\/posts\/603","targetHints":{"allow":["GET"]}}],"collection":[{"href":"https:\/\/www.centromedicoregionalmixteca.com\/home\/wp-json\/wp\/v2\/posts"}],"about":[{"href":"https:\/\/www.centromedicoregionalmixteca.com\/home\/wp-json\/wp\/v2\/types\/post"}],"author":[{"embeddable":true,"href":"https:\/\/www.centromedicoregionalmixteca.com\/home\/wp-json\/wp\/v2\/users\/3"}],"replies":[{"embeddable":true,"href":"https:\/\/www.centromedicoregionalmixteca.com\/home\/wp-json\/wp\/v2\/comments?post=603"}],"version-history":[{"count":2,"href":"https:\/\/www.centromedicoregionalmixteca.com\/home\/wp-json\/wp\/v2\/posts\/603\/revisions"}],"predecessor-version":[{"id":607,"href":"https:\/\/www.centromedicoregionalmixteca.com\/home\/wp-json\/wp\/v2\/posts\/603\/revisions\/607"}],"wp:featuredmedia":[{"embeddable":true,"href":"https:\/\/www.centromedicoregionalmixteca.com\/home\/wp-json\/wp\/v2\/media\/605"}],"wp:attachment":[{"href":"https:\/\/www.centromedicoregionalmixteca.com\/home\/wp-json\/wp\/v2\/media?parent=603"}],"wp:term":[{"taxonomy":"category","embeddable":true,"href":"https:\/\/www.centromedicoregionalmixteca.com\/home\/wp-json\/wp\/v2\/categories?post=603"},{"taxonomy":"post_tag","embeddable":true,"href":"https:\/\/www.centromedicoregionalmixteca.com\/home\/wp-json\/wp\/v2\/tags?post=603"}],"curies":[{"name":"wp","href":"https:\/\/api.w.org\/{rel}","templated":true}]}}