{"id":612,"date":"2021-08-07T19:39:53","date_gmt":"2021-08-08T00:39:53","guid":{"rendered":"https:\/\/www.centromedicoregionalmixteca.com\/home\/?p=612"},"modified":"2021-08-07T19:40:05","modified_gmt":"2021-08-08T00:40:05","slug":"sesion-academica-terapia-medico-nutricional-en-pacientes-criticos-y-semicriticos-con-covid","status":"publish","type":"post","link":"https:\/\/www.centromedicoregionalmixteca.com\/home\/evento-academico\/sesion-academica-terapia-medico-nutricional-en-pacientes-criticos-y-semicriticos-con-covid\/","title":{"rendered":"Sesi\u00f3n Acad\u00e9mica: \u201cTerapia m\u00e9dico nutricional en pacientes cr\u00edticos y semicr\u00edticos con Covid\u201d"},"content":{"rendered":"\n<p class=\"has-normal-font-size wp-block-paragraph\">El Centro M\u00e9dico Regional de la Mixteca, se complace en invitarles a unirse a la pr\u00f3xima sesi\u00f3n acad\u00e9mica titulada \u201cTerapia m\u00e9dico nutricional en pacientes cr\u00edticos y semicr\u00edticos con Covid\u201d a cargo de la ponente, la Lic. Lucia Grissel Mondrag\u00f3n Nieto \/ Licenciada en Nutrici\u00f3n, con Maestr\u00eda en Nutrici\u00f3n Cl\u00ednica. Dicho evento se transmitir\u00e1 el d\u00eda Viernes 27 de Agosto de 2021 a las 20:30 Hrs. a trav\u00e9s del grupo oficial de <a href=\"https:\/\/www.facebook.com\/groups\/270861643955761\/?__cft__%5b0%5d=AZV3Y9kNFWM69DIjygLIpqHcaflRFpY0x62WCndzPKF6Wiu4NS1j3NfO4hi84sp-3zTRYlX2DqwN3B7QOJVmjLd1nKrZEiQjRyrMlyDdPhGekg&amp;__tn__=-UK-R\" class=\"rank-math-link\" target=\"_blank\" rel=\"noopener\">ACADEMIA CMR<\/a>; el objetivo de esta ponencia, es brindarle informaci\u00f3n integral y \u00fatil a los profesionales de la salud referente al manejo nutricional en pacientes de estado cr\u00edtico o semicr\u00edtico con Covid 19. Indudablemente se trata de un tema de amplia relevancia debido a la actual pandemia que padecemos.<\/p>\n\n\n\n<blockquote class=\"wp-block-quote is-layout-flow wp-block-quote-is-layout-flow\"><p><\/p><\/blockquote>\n\n\n\n<h2 class=\"has-text-align-left has-vivid-cyan-blue-color has-text-color wp-block-heading\">Conoce + acerca de nuestra ponente<\/h2>\n\n\n\n<figure class=\"wp-block-gallery columns-1 is-cropped wp-block-gallery-1 is-layout-flex wp-block-gallery-is-layout-flex\"><ul class=\"blocks-gallery-grid\"><li class=\"blocks-gallery-item\"><figure><img loading=\"lazy\" decoding=\"async\" width=\"989\" height=\"1280\" src=\"https:\/\/www.centromedicoregionalmixteca.com\/home\/wp-content\/uploads\/2021\/08\/CV-ponente-y-datos-para-web2.jpg\" alt=\"\" data-id=\"614\" data-full-url=\"https:\/\/www.centromedicoregionalmixteca.com\/home\/wp-content\/uploads\/2021\/08\/CV-ponente-y-datos-para-web2.jpg\" data-link=\"https:\/\/www.centromedicoregionalmixteca.com\/home\/?attachment_id=614\" class=\"wp-image-614\" srcset=\"https:\/\/www.centromedicoregionalmixteca.com\/home\/wp-content\/uploads\/2021\/08\/CV-ponente-y-datos-para-web2.jpg 989w, https:\/\/www.centromedicoregionalmixteca.com\/home\/wp-content\/uploads\/2021\/08\/CV-ponente-y-datos-para-web2-980x1268.jpg 980w, https:\/\/www.centromedicoregionalmixteca.com\/home\/wp-content\/uploads\/2021\/08\/CV-ponente-y-datos-para-web2-480x621.jpg 480w\" sizes=\"(min-width: 0px) and (max-width: 480px) 480px, (min-width: 481px) and (max-width: 980px) 980px, (min-width: 981px) 989px, 100vw\" \/><\/figure><\/li><\/ul><\/figure>\n\n\n\n<h2 class=\"has-text-align-left has-vivid-cyan-blue-color has-text-color wp-block-heading\">Cartel oficial de la sesi\u00f3n acad\u00e9mica<\/h2>\n\n\n\n<figure class=\"wp-block-gallery columns-1 is-cropped wp-block-gallery-2 is-layout-flex wp-block-gallery-is-layout-flex\"><ul class=\"blocks-gallery-grid\"><li class=\"blocks-gallery-item\"><figure><img loading=\"lazy\" decoding=\"async\" width=\"792\" height=\"1224\" src=\"https:\/\/www.centromedicoregionalmixteca.com\/home\/wp-content\/uploads\/2021\/08\/cartel01-evento-27agosto2021-FB.jpg\" alt=\"\" data-id=\"616\" data-full-url=\"https:\/\/www.centromedicoregionalmixteca.com\/home\/wp-content\/uploads\/2021\/08\/cartel01-evento-27agosto2021-FB.jpg\" data-link=\"https:\/\/www.centromedicoregionalmixteca.com\/home\/?attachment_id=616\" class=\"wp-image-616\" srcset=\"https:\/\/www.centromedicoregionalmixteca.com\/home\/wp-content\/uploads\/2021\/08\/cartel01-evento-27agosto2021-FB.jpg 792w, https:\/\/www.centromedicoregionalmixteca.com\/home\/wp-content\/uploads\/2021\/08\/cartel01-evento-27agosto2021-FB-480x742.jpg 480w\" sizes=\"(min-width: 0px) and (max-width: 480px) 480px, (min-width: 481px) 792px, 100vw\" \/><\/figure><\/li><\/ul><figcaption class=\"blocks-gallery-caption\">Te recordamos enviar tu solicitud para unirte al grupo oficial de Facebook @ACADEMIA CMR.<\/figcaption><\/figure>\n\n\n\n<figure class=\"wp-block-pullquote\"><blockquote><p><strong>Como hospital tenemos la visi\u00f3n de buscar la mejora continua en la atenci\u00f3n m\u00e9dica integral de la regi\u00f3n, por lo cual les compartimos peri\u00f3dicamente, contenido acad\u00e9mico significativo.<\/strong><\/p><cite>CENTRO M\u00c9DICO REGIONAL DE LA MIXTECA \/ AGOSTO DE 2021<\/cite><\/blockquote><\/figure>\n","protected":false},"excerpt":{"rendered":"<p>El Centro M\u00e9dico Regional de la Mixteca, se complace en invitarles a unirse a la pr\u00f3xima sesi\u00f3n acad\u00e9mica titulada \u201cTerapia m\u00e9dico nutricional en pacientes cr\u00edticos y semicr\u00edticos con Covid\u201d a cargo de la ponente, la Lic. Lucia Grissel Mondrag\u00f3n Nieto \/ Licenciada en Nutrici\u00f3n, con Maestr\u00eda en Nutrici\u00f3n Cl\u00ednica. Dicho evento se transmitir\u00e1 el d\u00eda [&hellip;]<\/p>\n","protected":false},"author":3,"featured_media":615,"comment_status":"open","ping_status":"open","sticky":false,"template":"","format":"standard","meta":{"_et_pb_use_builder":"","_et_pb_old_content":"","_et_gb_content_width":"","footnotes":""},"categories":[13],"tags":[22,34,14,32,36,33,31],"class_list":["post-612","post","type-post","status-publish","format-standard","has-post-thumbnail","hentry","category-evento-academico","tag-academia","tag-covid19","tag-evento","tag-nutricion","tag-nutricionclinica","tag-pacientes","tag-terapia"],"_links":{"self":[{"href":"https:\/\/www.centromedicoregionalmixteca.com\/home\/wp-json\/wp\/v2\/posts\/612","targetHints":{"allow":["GET"]}}],"collection":[{"href":"https:\/\/www.centromedicoregionalmixteca.com\/home\/wp-json\/wp\/v2\/posts"}],"about":[{"href":"https:\/\/www.centromedicoregionalmixteca.com\/home\/wp-json\/wp\/v2\/types\/post"}],"author":[{"embeddable":true,"href":"https:\/\/www.centromedicoregionalmixteca.com\/home\/wp-json\/wp\/v2\/users\/3"}],"replies":[{"embeddable":true,"href":"https:\/\/www.centromedicoregionalmixteca.com\/home\/wp-json\/wp\/v2\/comments?post=612"}],"version-history":[{"count":3,"href":"https:\/\/www.centromedicoregionalmixteca.com\/home\/wp-json\/wp\/v2\/posts\/612\/revisions"}],"predecessor-version":[{"id":619,"href":"https:\/\/www.centromedicoregionalmixteca.com\/home\/wp-json\/wp\/v2\/posts\/612\/revisions\/619"}],"wp:featuredmedia":[{"embeddable":true,"href":"https:\/\/www.centromedicoregionalmixteca.com\/home\/wp-json\/wp\/v2\/media\/615"}],"wp:attachment":[{"href":"https:\/\/www.centromedicoregionalmixteca.com\/home\/wp-json\/wp\/v2\/media?parent=612"}],"wp:term":[{"taxonomy":"category","embeddable":true,"href":"https:\/\/www.centromedicoregionalmixteca.com\/home\/wp-json\/wp\/v2\/categories?post=612"},{"taxonomy":"post_tag","embeddable":true,"href":"https:\/\/www.centromedicoregionalmixteca.com\/home\/wp-json\/wp\/v2\/tags?post=612"}],"curies":[{"name":"wp","href":"https:\/\/api.w.org\/{rel}","templated":true}]}}