{"id":643,"date":"2021-09-15T18:57:18","date_gmt":"2021-09-15T23:57:18","guid":{"rendered":"https:\/\/www.centromedicoregionalmixteca.com\/home\/?p=643"},"modified":"2021-09-20T21:03:29","modified_gmt":"2021-09-21T02:03:29","slug":"sesion-academica-lactancia-materna-y-covid","status":"publish","type":"post","link":"https:\/\/www.centromedicoregionalmixteca.com\/home\/evento-academico\/sesion-academica-lactancia-materna-y-covid\/","title":{"rendered":"Sesi\u00f3n Acad\u00e9mica &#8220;Lactancia Materna y Covid&#8221;"},"content":{"rendered":"\n<p class=\"has-normal-font-size wp-block-paragraph\">El Centro M\u00e9dico Regional de la Mixteca, se complace en invitarles a unirse a nuestra siguiente sesi\u00f3n acad\u00e9mica titulada \u201cLactancia Materna y Covid\u201d la cual se transmitir\u00e1 a trav\u00e9s de nuestro grupo oficial de Facebook\/ACADEMIA CMR, el viernes 24 de septiembre de 2021, a las 20:30 Hrs, y estar\u00e1 a cargo de la ponente, la Dra. Valerie Cipri\u00e1n Celis, M\u00e9dico Especialista en Pediatr\u00eda, quien adem\u00e1s es Instructora y Coordinadora del Comit\u00e9 de Lactancia Materna en el Hospital General E.S.P. Pilar S\u00e1nchez Villavicencio de Huajuapan de Le\u00f3n Oaxaca. <\/p>\n\n\n\n<p class=\"has-normal-font-size wp-block-paragraph\">Su ponencia le brindar\u00e1 contenido informativo significante y \u00fatil al personal de salud, as\u00ed como a todos aquellos interesados en el tema de la lactancia materna y c\u00f3mo la situaci\u00f3n actual de la pandemia, ha influido en su pr\u00e1ctica y ense\u00f1anza. Para nosotros, tenemos una prioridad, la de brindarle a nuestra poblaci\u00f3n, atenci\u00f3n m\u00e9dica especializada y de calidad, por tanto, es crucial innovar en todos los \u00e1mbitos, incluyendo el acad\u00e9mico, debido a que una constante capacitaci\u00f3n, nos llevar\u00e1 al cumplimiento de nuestro objetivo y visi\u00f3n.<\/p>\n\n\n\n<p class=\"wp-block-paragraph\"><\/p>\n\n\n\n<h2 class=\"wp-block-heading\">Les compartimos el cartel oficial del evento acad\u00e9mico<\/h2>\n\n\n\n<p class=\"wp-block-paragraph\"><\/p>\n\n\n\n<figure class=\"wp-block-image size-full is-resized\"><img loading=\"lazy\" decoding=\"async\" src=\"https:\/\/www.centromedicoregionalmixteca.com\/home\/wp-content\/uploads\/2021\/09\/cartel1-evento-24sep2021-cmr-FB.jpg\" alt=\"\" class=\"wp-image-646\" width=\"777\" height=\"1200\" srcset=\"https:\/\/www.centromedicoregionalmixteca.com\/home\/wp-content\/uploads\/2021\/09\/cartel1-evento-24sep2021-cmr-FB.jpg 777w, https:\/\/www.centromedicoregionalmixteca.com\/home\/wp-content\/uploads\/2021\/09\/cartel1-evento-24sep2021-cmr-FB-480x741.jpg 480w\" sizes=\"(min-width: 0px) and (max-width: 480px) 480px, (min-width: 481px) 777px, 100vw\" \/><\/figure>\n\n\n\n<figure class=\"wp-block-image size-full\"><img loading=\"lazy\" decoding=\"async\" width=\"776\" height=\"1200\" src=\"https:\/\/www.centromedicoregionalmixteca.com\/home\/wp-content\/uploads\/2021\/09\/cartel2vento-24sep2021-cmr-FB.jpg\" alt=\"\" class=\"wp-image-656\" srcset=\"https:\/\/www.centromedicoregionalmixteca.com\/home\/wp-content\/uploads\/2021\/09\/cartel2vento-24sep2021-cmr-FB.jpg 776w, https:\/\/www.centromedicoregionalmixteca.com\/home\/wp-content\/uploads\/2021\/09\/cartel2vento-24sep2021-cmr-FB-480x742.jpg 480w\" sizes=\"(min-width: 0px) and (max-width: 480px) 480px, (min-width: 481px) 776px, 100vw\" \/><\/figure>\n\n\n\n<p class=\"wp-block-paragraph\"><\/p>\n\n\n\n<h2 class=\"has-vivid-green-cyan-color has-text-color wp-block-heading\">Env\u00edanos tu solicitud para ingresar a nuestro grupo oficial de <a href=\"https:\/\/www.facebook.com\/groups\/270861643955761\" class=\"rank-math-link\" target=\"_blank\" rel=\"noopener\">Facebook\/ACADEMIA CMR<\/a><\/h2>\n\n\n\n<p class=\"wp-block-paragraph\"><\/p>\n","protected":false},"excerpt":{"rendered":"<p>El Centro M\u00e9dico Regional de la Mixteca, se complace en invitarles a unirse a nuestra siguiente sesi\u00f3n acad\u00e9mica titulada \u201cLactancia Materna y Covid\u201d la cual se transmitir\u00e1 a trav\u00e9s de nuestro grupo oficial de Facebook\/ACADEMIA CMR, el viernes 24 de septiembre de 2021, a las 20:30 Hrs, y estar\u00e1 a cargo de la ponente, la [&hellip;]<\/p>\n","protected":false},"author":3,"featured_media":644,"comment_status":"open","ping_status":"open","sticky":false,"template":"","format":"standard","meta":{"_et_pb_use_builder":"","_et_pb_old_content":"","_et_gb_content_width":"","footnotes":""},"categories":[13],"tags":[49,46,47,48],"class_list":["post-643","post","type-post","status-publish","format-standard","has-post-thumbnail","hentry","category-evento-academico","tag-ensenanza","tag-lactancia","tag-materna","tag-ponencia"],"_links":{"self":[{"href":"https:\/\/www.centromedicoregionalmixteca.com\/home\/wp-json\/wp\/v2\/posts\/643","targetHints":{"allow":["GET"]}}],"collection":[{"href":"https:\/\/www.centromedicoregionalmixteca.com\/home\/wp-json\/wp\/v2\/posts"}],"about":[{"href":"https:\/\/www.centromedicoregionalmixteca.com\/home\/wp-json\/wp\/v2\/types\/post"}],"author":[{"embeddable":true,"href":"https:\/\/www.centromedicoregionalmixteca.com\/home\/wp-json\/wp\/v2\/users\/3"}],"replies":[{"embeddable":true,"href":"https:\/\/www.centromedicoregionalmixteca.com\/home\/wp-json\/wp\/v2\/comments?post=643"}],"version-history":[{"count":4,"href":"https:\/\/www.centromedicoregionalmixteca.com\/home\/wp-json\/wp\/v2\/posts\/643\/revisions"}],"predecessor-version":[{"id":657,"href":"https:\/\/www.centromedicoregionalmixteca.com\/home\/wp-json\/wp\/v2\/posts\/643\/revisions\/657"}],"wp:featuredmedia":[{"embeddable":true,"href":"https:\/\/www.centromedicoregionalmixteca.com\/home\/wp-json\/wp\/v2\/media\/644"}],"wp:attachment":[{"href":"https:\/\/www.centromedicoregionalmixteca.com\/home\/wp-json\/wp\/v2\/media?parent=643"}],"wp:term":[{"taxonomy":"category","embeddable":true,"href":"https:\/\/www.centromedicoregionalmixteca.com\/home\/wp-json\/wp\/v2\/categories?post=643"},{"taxonomy":"post_tag","embeddable":true,"href":"https:\/\/www.centromedicoregionalmixteca.com\/home\/wp-json\/wp\/v2\/tags?post=643"}],"curies":[{"name":"wp","href":"https:\/\/api.w.org\/{rel}","templated":true}]}}