{"id":659,"date":"2021-10-07T19:36:46","date_gmt":"2021-10-08T00:36:46","guid":{"rendered":"https:\/\/www.centromedicoregionalmixteca.com\/home\/?p=659"},"modified":"2021-10-07T19:36:49","modified_gmt":"2021-10-08T00:36:49","slug":"sesion-academica-neuralgia-postherpetica","status":"publish","type":"post","link":"https:\/\/www.centromedicoregionalmixteca.com\/home\/evento-academico\/sesion-academica-neuralgia-postherpetica\/","title":{"rendered":"Sesi\u00f3n Acad\u00e9mica &#8220;Neuralgia Postherp\u00e9tica&#8221;"},"content":{"rendered":"\n<p class=\"has-medium-font-size wp-block-paragraph\">El Centro Medico Regional de la Mixteca, les hace extensiva la invitaci\u00f3n a unirse y visualizar nuestra pr\u00f3xima sesi\u00f3n acad\u00e9mica titulada \u201cNeuralgia Postherp\u00e9tica\u201d a cargo del ponente, el Dr. Isaac Loaeza Bautista \/ M\u00e9dico Especialista en Algolog\u00eda y Cuidados Paliativos, quien forma parte de nuestro directorio de especialistas, adem\u00e1s de dirigir nuestra Cl\u00ednica de Dolor y Cuidados Paliativos. Dicha ponencia le brindar\u00e1 a la audiencia y personal de la salud, conocimiento relevante y actualizado sobre el diagn\u00f3stico y tratamiento de la Neuralgia Postherp\u00e9tica.<\/p>\n\n\n\n<p class=\"has-medium-font-size wp-block-paragraph\"><strong><em>A continuaci\u00f3n les compartimos el cartel promocional del evento.<\/em><\/strong><\/p>\n\n\n\n<p class=\"wp-block-paragraph\"><\/p>\n\n\n\n<figure class=\"wp-block-image size-full\"><img loading=\"lazy\" decoding=\"async\" width=\"792\" height=\"1224\" src=\"https:\/\/www.centromedicoregionalmixteca.com\/home\/wp-content\/uploads\/2021\/10\/cartel-2-evento-29oct2021-FB.jpg\" alt=\"\" class=\"wp-image-661\" srcset=\"https:\/\/www.centromedicoregionalmixteca.com\/home\/wp-content\/uploads\/2021\/10\/cartel-2-evento-29oct2021-FB.jpg 792w, https:\/\/www.centromedicoregionalmixteca.com\/home\/wp-content\/uploads\/2021\/10\/cartel-2-evento-29oct2021-FB-480x742.jpg 480w\" sizes=\"(min-width: 0px) and (max-width: 480px) 480px, (min-width: 481px) 792px, 100vw\" \/><\/figure>\n\n\n\n<p class=\"has-medium-font-size wp-block-paragraph\">Los invitamos a seguirnos en nuestras redes sociales, y estar pendiente de cada una de nuestras sesiones acad\u00e9micas. Agradecemos su confianza y preferencia.<\/p>\n","protected":false},"excerpt":{"rendered":"<p>El Centro Medico Regional de la Mixteca, les hace extensiva la invitaci\u00f3n a unirse y visualizar nuestra pr\u00f3xima sesi\u00f3n acad\u00e9mica titulada \u201cNeuralgia Postherp\u00e9tica\u201d a cargo del ponente, el Dr. Isaac Loaeza Bautista \/ M\u00e9dico Especialista en Algolog\u00eda y Cuidados Paliativos, quien forma parte de nuestro directorio de especialistas, adem\u00e1s de dirigir nuestra Cl\u00ednica de Dolor [&hellip;]<\/p>\n","protected":false},"author":3,"featured_media":660,"comment_status":"open","ping_status":"open","sticky":false,"template":"","format":"standard","meta":{"_et_pb_use_builder":"","_et_pb_old_content":"","_et_gb_content_width":"","footnotes":""},"categories":[13],"tags":[22,54,51,30,52,14,50,53],"class_list":["post-659","post","type-post","status-publish","format-standard","has-post-thumbnail","hentry","category-evento-academico","tag-academia","tag-algologia","tag-cuidadospaliativos","tag-diagnostico","tag-dolor","tag-evento","tag-neuralgia","tag-tratamientodeldolor"],"_links":{"self":[{"href":"https:\/\/www.centromedicoregionalmixteca.com\/home\/wp-json\/wp\/v2\/posts\/659","targetHints":{"allow":["GET"]}}],"collection":[{"href":"https:\/\/www.centromedicoregionalmixteca.com\/home\/wp-json\/wp\/v2\/posts"}],"about":[{"href":"https:\/\/www.centromedicoregionalmixteca.com\/home\/wp-json\/wp\/v2\/types\/post"}],"author":[{"embeddable":true,"href":"https:\/\/www.centromedicoregionalmixteca.com\/home\/wp-json\/wp\/v2\/users\/3"}],"replies":[{"embeddable":true,"href":"https:\/\/www.centromedicoregionalmixteca.com\/home\/wp-json\/wp\/v2\/comments?post=659"}],"version-history":[{"count":2,"href":"https:\/\/www.centromedicoregionalmixteca.com\/home\/wp-json\/wp\/v2\/posts\/659\/revisions"}],"predecessor-version":[{"id":663,"href":"https:\/\/www.centromedicoregionalmixteca.com\/home\/wp-json\/wp\/v2\/posts\/659\/revisions\/663"}],"wp:featuredmedia":[{"embeddable":true,"href":"https:\/\/www.centromedicoregionalmixteca.com\/home\/wp-json\/wp\/v2\/media\/660"}],"wp:attachment":[{"href":"https:\/\/www.centromedicoregionalmixteca.com\/home\/wp-json\/wp\/v2\/media?parent=659"}],"wp:term":[{"taxonomy":"category","embeddable":true,"href":"https:\/\/www.centromedicoregionalmixteca.com\/home\/wp-json\/wp\/v2\/categories?post=659"},{"taxonomy":"post_tag","embeddable":true,"href":"https:\/\/www.centromedicoregionalmixteca.com\/home\/wp-json\/wp\/v2\/tags?post=659"}],"curies":[{"name":"wp","href":"https:\/\/api.w.org\/{rel}","templated":true}]}}