{"id":720,"date":"2021-12-15T20:42:13","date_gmt":"2021-12-16T02:42:13","guid":{"rendered":"https:\/\/www.centromedicoregionalmixteca.com\/home\/?p=720"},"modified":"2021-12-16T20:13:46","modified_gmt":"2021-12-17T02:13:46","slug":"galeria-evento-principios-basicos-codigo-trauma","status":"publish","type":"post","link":"https:\/\/www.centromedicoregionalmixteca.com\/home\/evento-academico\/galeria-evento-principios-basicos-codigo-trauma\/","title":{"rendered":"Galer\u00eda Evento Principios B\u00e1sicos C\u00f3digo Trauma"},"content":{"rendered":"\n<p class=\"has-normal-font-size wp-block-paragraph\">El Centro M\u00e9dico Regional de la Mixteca se visti\u00f3 de gala en el evento \u201cPrincipios B\u00e1sicos C\u00f3digo Trauma\u201d que se llev\u00f3 a cabo el pasado s\u00e1bado 4 de diciembre en el Gran Sal\u00f3n del Hotel Garc\u00eda Peral, en Huajuapan de Le\u00f3n, Oaxaca. Dicho evento fue la conmemoraci\u00f3n del 36vo. Aniversario de la cl\u00ednica, que simboliza una trayectoria de trabajo arduo y una constante misi\u00f3n por brindar una atenci\u00f3n m\u00e9dica de excelencia, para todos en la regi\u00f3n mixteca. Sin duda ha sido una labor exhaustiva, empero, la entrega y calidez humana de nuestro personal, son piezas clave que nos permite encaminarnos hacia la constante mejora en cada uno de los servicios que brindamos a los pacientes.<\/p>\n\n\n\n<p class=\"has-normal-font-size wp-block-paragraph\">Contamos con m\u00e1s de 20 especialidades, as\u00ed como diversas cl\u00ednicas a la disposici\u00f3n de cada una de las familias de la regi\u00f3n mixteca. Es por eso que nos congratulamos en compartir con ustedes, una galer\u00eda simb\u00f3lica para remembrar lo que sucedi\u00f3 en el evento, asimismo en los Talleres impartidos tanto a personal m\u00e9dico y de enfermer\u00eda, como tambi\u00e9n a profesionales de la salud. Sin duda cerramos el a\u00f1o con una grata celebraci\u00f3n e intercambio de conocimiento, que esperamos sea de gran utilidad y su aplicaci\u00f3n mejore la calidad de vida de cada uno de nuestros pacientes.<\/p>\n\n\n\n<p class=\"wp-block-paragraph\"><\/p>\n\n\n\n<blockquote class=\"wp-block-quote is-style-large is-layout-flow wp-block-quote-is-layout-flow\"><p><strong>A continuaci\u00f3n, les presentamos una galer\u00eda de lo acontecido en el evento principal.<\/strong><\/p><\/blockquote>\n\n\n\n<p class=\"wp-block-paragraph\"><\/p>\n\n\n\n<figure class=\"wp-block-image size-full\"><img loading=\"lazy\" decoding=\"async\" width=\"1169\" height=\"780\" src=\"https:\/\/www.centromedicoregionalmixteca.com\/home\/wp-content\/uploads\/2021\/12\/DSC_0594.jpg\" alt=\"\" class=\"wp-image-722\" srcset=\"https:\/\/www.centromedicoregionalmixteca.com\/home\/wp-content\/uploads\/2021\/12\/DSC_0594.jpg 1169w, https:\/\/www.centromedicoregionalmixteca.com\/home\/wp-content\/uploads\/2021\/12\/DSC_0594-980x654.jpg 980w, https:\/\/www.centromedicoregionalmixteca.com\/home\/wp-content\/uploads\/2021\/12\/DSC_0594-480x320.jpg 480w\" sizes=\"(min-width: 0px) and (max-width: 480px) 480px, (min-width: 481px) and (max-width: 980px) 980px, (min-width: 981px) 1169px, 100vw\" \/><figcaption><em>Presentaci\u00f3n de las primeras ponencias del evento<\/em>, a cargo del Dr. Artemio P\u00e9rez Barbosa<\/figcaption><\/figure>\n\n\n\n<figure class=\"wp-block-gallery columns-2 is-cropped wp-block-gallery-1 is-layout-flex wp-block-gallery-is-layout-flex\"><ul class=\"blocks-gallery-grid\"><li class=\"blocks-gallery-item\"><figure><img loading=\"lazy\" decoding=\"async\" width=\"1169\" height=\"780\" src=\"https:\/\/www.centromedicoregionalmixteca.com\/home\/wp-content\/uploads\/2021\/12\/DSC_0597-1.jpg\" alt=\"\" data-id=\"729\" data-full-url=\"https:\/\/www.centromedicoregionalmixteca.com\/home\/wp-content\/uploads\/2021\/12\/DSC_0597-1.jpg\" data-link=\"https:\/\/www.centromedicoregionalmixteca.com\/home\/?attachment_id=729\" class=\"wp-image-729\" srcset=\"https:\/\/www.centromedicoregionalmixteca.com\/home\/wp-content\/uploads\/2021\/12\/DSC_0597-1.jpg 1169w, https:\/\/www.centromedicoregionalmixteca.com\/home\/wp-content\/uploads\/2021\/12\/DSC_0597-1-980x654.jpg 980w, https:\/\/www.centromedicoregionalmixteca.com\/home\/wp-content\/uploads\/2021\/12\/DSC_0597-1-480x320.jpg 480w\" sizes=\"(min-width: 0px) and (max-width: 480px) 480px, (min-width: 481px) and (max-width: 980px) 980px, (min-width: 981px) 1169px, 100vw\" \/><figcaption class=\"blocks-gallery-item__caption\">Ponencia C\u00f3digo Trauma<\/figcaption><\/figure><\/li><li class=\"blocks-gallery-item\"><figure><img loading=\"lazy\" decoding=\"async\" width=\"1169\" height=\"780\" src=\"https:\/\/www.centromedicoregionalmixteca.com\/home\/wp-content\/uploads\/2021\/12\/DSC_0599-2.jpg\" alt=\"\" data-id=\"730\" data-full-url=\"https:\/\/www.centromedicoregionalmixteca.com\/home\/wp-content\/uploads\/2021\/12\/DSC_0599-2.jpg\" data-link=\"https:\/\/www.centromedicoregionalmixteca.com\/home\/?attachment_id=730\" class=\"wp-image-730\" srcset=\"https:\/\/www.centromedicoregionalmixteca.com\/home\/wp-content\/uploads\/2021\/12\/DSC_0599-2.jpg 1169w, https:\/\/www.centromedicoregionalmixteca.com\/home\/wp-content\/uploads\/2021\/12\/DSC_0599-2-980x654.jpg 980w, https:\/\/www.centromedicoregionalmixteca.com\/home\/wp-content\/uploads\/2021\/12\/DSC_0599-2-480x320.jpg 480w\" sizes=\"(min-width: 0px) and (max-width: 480px) 480px, (min-width: 481px) and (max-width: 980px) 980px, (min-width: 981px) 1169px, 100vw\" \/><figcaption class=\"blocks-gallery-item__caption\">Dr. Miguel \u00c1ngel Ordu\u00f1a Alor \/ Urgenci\u00f3logo del CMR<\/figcaption><\/figure><\/li><\/ul><\/figure>\n\n\n\n<figure class=\"wp-block-gallery columns-2 is-cropped wp-block-gallery-2 is-layout-flex wp-block-gallery-is-layout-flex\"><ul class=\"blocks-gallery-grid\"><li class=\"blocks-gallery-item\"><figure><img loading=\"lazy\" decoding=\"async\" width=\"1169\" height=\"780\" src=\"https:\/\/www.centromedicoregionalmixteca.com\/home\/wp-content\/uploads\/2021\/12\/DSC_0642.jpg\" alt=\"\" data-id=\"731\" data-full-url=\"https:\/\/www.centromedicoregionalmixteca.com\/home\/wp-content\/uploads\/2021\/12\/DSC_0642.jpg\" data-link=\"https:\/\/www.centromedicoregionalmixteca.com\/home\/?attachment_id=731\" class=\"wp-image-731\" srcset=\"https:\/\/www.centromedicoregionalmixteca.com\/home\/wp-content\/uploads\/2021\/12\/DSC_0642.jpg 1169w, https:\/\/www.centromedicoregionalmixteca.com\/home\/wp-content\/uploads\/2021\/12\/DSC_0642-980x654.jpg 980w, https:\/\/www.centromedicoregionalmixteca.com\/home\/wp-content\/uploads\/2021\/12\/DSC_0642-480x320.jpg 480w\" sizes=\"(min-width: 0px) and (max-width: 480px) 480px, (min-width: 481px) and (max-width: 980px) 980px, (min-width: 981px) 1169px, 100vw\" \/><figcaption class=\"blocks-gallery-item__caption\">Dra. Lucero Rodr\u00edguez Vel\u00e1squez \/ M\u00e9dico Internista del CMR<\/figcaption><\/figure><\/li><li class=\"blocks-gallery-item\"><figure><img loading=\"lazy\" decoding=\"async\" width=\"1169\" height=\"780\" src=\"https:\/\/www.centromedicoregionalmixteca.com\/home\/wp-content\/uploads\/2021\/12\/DSC_0649.jpg\" alt=\"\" data-id=\"732\" data-full-url=\"https:\/\/www.centromedicoregionalmixteca.com\/home\/wp-content\/uploads\/2021\/12\/DSC_0649.jpg\" data-link=\"https:\/\/www.centromedicoregionalmixteca.com\/home\/?attachment_id=732\" class=\"wp-image-732\" srcset=\"https:\/\/www.centromedicoregionalmixteca.com\/home\/wp-content\/uploads\/2021\/12\/DSC_0649.jpg 1169w, https:\/\/www.centromedicoregionalmixteca.com\/home\/wp-content\/uploads\/2021\/12\/DSC_0649-980x654.jpg 980w, https:\/\/www.centromedicoregionalmixteca.com\/home\/wp-content\/uploads\/2021\/12\/DSC_0649-480x320.jpg 480w\" sizes=\"(min-width: 0px) and (max-width: 480px) 480px, (min-width: 481px) and (max-width: 980px) 980px, (min-width: 981px) 1169px, 100vw\" \/><figcaption class=\"blocks-gallery-item__caption\">Ponencia Manejo de Choque Traum\u00e1tico<\/figcaption><\/figure><\/li><\/ul><\/figure>\n\n\n\n<figure class=\"wp-block-gallery columns-2 is-cropped wp-block-gallery-3 is-layout-flex wp-block-gallery-is-layout-flex\"><ul class=\"blocks-gallery-grid\"><li class=\"blocks-gallery-item\"><figure><img loading=\"lazy\" decoding=\"async\" width=\"780\" height=\"1169\" src=\"https:\/\/www.centromedicoregionalmixteca.com\/home\/wp-content\/uploads\/2021\/12\/DSC_0671.jpg\" alt=\"\" data-id=\"733\" data-full-url=\"https:\/\/www.centromedicoregionalmixteca.com\/home\/wp-content\/uploads\/2021\/12\/DSC_0671.jpg\" data-link=\"https:\/\/www.centromedicoregionalmixteca.com\/home\/?attachment_id=733\" class=\"wp-image-733\" srcset=\"https:\/\/www.centromedicoregionalmixteca.com\/home\/wp-content\/uploads\/2021\/12\/DSC_0671.jpg 780w, https:\/\/www.centromedicoregionalmixteca.com\/home\/wp-content\/uploads\/2021\/12\/DSC_0671-480x719.jpg 480w\" sizes=\"(min-width: 0px) and (max-width: 480px) 480px, (min-width: 481px) 780px, 100vw\" \/><figcaption class=\"blocks-gallery-item__caption\">Dra. Lucero recibiendo obsequio al concluir su ponencia<\/figcaption><\/figure><\/li><li class=\"blocks-gallery-item\"><figure><img loading=\"lazy\" decoding=\"async\" width=\"780\" height=\"1169\" src=\"https:\/\/www.centromedicoregionalmixteca.com\/home\/wp-content\/uploads\/2021\/12\/DSC_0674.jpg\" alt=\"\" data-id=\"734\" data-full-url=\"https:\/\/www.centromedicoregionalmixteca.com\/home\/wp-content\/uploads\/2021\/12\/DSC_0674.jpg\" data-link=\"https:\/\/www.centromedicoregionalmixteca.com\/home\/?attachment_id=734\" class=\"wp-image-734\" srcset=\"https:\/\/www.centromedicoregionalmixteca.com\/home\/wp-content\/uploads\/2021\/12\/DSC_0674.jpg 780w, https:\/\/www.centromedicoregionalmixteca.com\/home\/wp-content\/uploads\/2021\/12\/DSC_0674-480x719.jpg 480w\" sizes=\"(min-width: 0px) and (max-width: 480px) 480px, (min-width: 481px) 780px, 100vw\" \/><figcaption class=\"blocks-gallery-item__caption\">Dr. Miguel \u00c1ngel recibiendo obsequio al t\u00e9rmino de su ponencia<\/figcaption><\/figure><\/li><\/ul><\/figure>\n\n\n\n<figure class=\"wp-block-gallery columns-2 is-cropped wp-block-gallery-4 is-layout-flex wp-block-gallery-is-layout-flex\"><ul class=\"blocks-gallery-grid\"><li class=\"blocks-gallery-item\"><figure><img loading=\"lazy\" decoding=\"async\" width=\"1169\" height=\"780\" src=\"https:\/\/www.centromedicoregionalmixteca.com\/home\/wp-content\/uploads\/2021\/12\/DSC_0676.jpg\" alt=\"\" data-id=\"735\" data-full-url=\"https:\/\/www.centromedicoregionalmixteca.com\/home\/wp-content\/uploads\/2021\/12\/DSC_0676.jpg\" data-link=\"https:\/\/www.centromedicoregionalmixteca.com\/home\/?attachment_id=735\" class=\"wp-image-735\" srcset=\"https:\/\/www.centromedicoregionalmixteca.com\/home\/wp-content\/uploads\/2021\/12\/DSC_0676.jpg 1169w, https:\/\/www.centromedicoregionalmixteca.com\/home\/wp-content\/uploads\/2021\/12\/DSC_0676-980x654.jpg 980w, https:\/\/www.centromedicoregionalmixteca.com\/home\/wp-content\/uploads\/2021\/12\/DSC_0676-480x320.jpg 480w\" sizes=\"(min-width: 0px) and (max-width: 480px) 480px, (min-width: 481px) and (max-width: 980px) 980px, (min-width: 981px) 1169px, 100vw\" \/><figcaption class=\"blocks-gallery-item__caption\">Honorable mesa del presidium<\/figcaption><\/figure><\/li><li class=\"blocks-gallery-item\"><figure><img loading=\"lazy\" decoding=\"async\" width=\"1169\" height=\"780\" src=\"https:\/\/www.centromedicoregionalmixteca.com\/home\/wp-content\/uploads\/2021\/12\/DSC_0678.jpg\" alt=\"\" data-id=\"736\" data-full-url=\"https:\/\/www.centromedicoregionalmixteca.com\/home\/wp-content\/uploads\/2021\/12\/DSC_0678.jpg\" data-link=\"https:\/\/www.centromedicoregionalmixteca.com\/home\/?attachment_id=736\" class=\"wp-image-736\" srcset=\"https:\/\/www.centromedicoregionalmixteca.com\/home\/wp-content\/uploads\/2021\/12\/DSC_0678.jpg 1169w, https:\/\/www.centromedicoregionalmixteca.com\/home\/wp-content\/uploads\/2021\/12\/DSC_0678-980x654.jpg 980w, https:\/\/www.centromedicoregionalmixteca.com\/home\/wp-content\/uploads\/2021\/12\/DSC_0678-480x320.jpg 480w\" sizes=\"(min-width: 0px) and (max-width: 480px) 480px, (min-width: 481px) and (max-width: 980px) 980px, (min-width: 981px) 1169px, 100vw\" \/><figcaption class=\"blocks-gallery-item__caption\">Honorable mesa del presidium<\/figcaption><\/figure><\/li><\/ul><\/figure>\n\n\n\n<figure class=\"wp-block-gallery columns-1 is-cropped wp-block-gallery-5 is-layout-flex wp-block-gallery-is-layout-flex\"><ul class=\"blocks-gallery-grid\"><li class=\"blocks-gallery-item\"><figure><img loading=\"lazy\" decoding=\"async\" width=\"1169\" height=\"780\" src=\"https:\/\/www.centromedicoregionalmixteca.com\/home\/wp-content\/uploads\/2021\/12\/DSC_0691.jpg\" alt=\"\" data-id=\"737\" data-full-url=\"https:\/\/www.centromedicoregionalmixteca.com\/home\/wp-content\/uploads\/2021\/12\/DSC_0691.jpg\" data-link=\"https:\/\/www.centromedicoregionalmixteca.com\/home\/?attachment_id=737\" class=\"wp-image-737\" srcset=\"https:\/\/www.centromedicoregionalmixteca.com\/home\/wp-content\/uploads\/2021\/12\/DSC_0691.jpg 1169w, https:\/\/www.centromedicoregionalmixteca.com\/home\/wp-content\/uploads\/2021\/12\/DSC_0691-980x654.jpg 980w, https:\/\/www.centromedicoregionalmixteca.com\/home\/wp-content\/uploads\/2021\/12\/DSC_0691-480x320.jpg 480w\" sizes=\"(min-width: 0px) and (max-width: 480px) 480px, (min-width: 481px) and (max-width: 980px) 980px, (min-width: 981px) 1169px, 100vw\" \/><figcaption class=\"blocks-gallery-item__caption\">Palabras de bienvenida a cargo de la Dra. Noem\u00ed Santiago Osogobio, Directora del Hospital General<\/figcaption><\/figure><\/li><\/ul><\/figure>\n\n\n\n<figure class=\"wp-block-gallery columns-2 is-cropped wp-block-gallery-6 is-layout-flex wp-block-gallery-is-layout-flex\"><ul class=\"blocks-gallery-grid\"><li class=\"blocks-gallery-item\"><figure><img loading=\"lazy\" decoding=\"async\" width=\"1169\" height=\"780\" src=\"https:\/\/www.centromedicoregionalmixteca.com\/home\/wp-content\/uploads\/2021\/12\/DSC_0700.jpg\" alt=\"\" data-id=\"738\" data-full-url=\"https:\/\/www.centromedicoregionalmixteca.com\/home\/wp-content\/uploads\/2021\/12\/DSC_0700.jpg\" data-link=\"https:\/\/www.centromedicoregionalmixteca.com\/home\/?attachment_id=738\" class=\"wp-image-738\" srcset=\"https:\/\/www.centromedicoregionalmixteca.com\/home\/wp-content\/uploads\/2021\/12\/DSC_0700.jpg 1169w, https:\/\/www.centromedicoregionalmixteca.com\/home\/wp-content\/uploads\/2021\/12\/DSC_0700-980x654.jpg 980w, https:\/\/www.centromedicoregionalmixteca.com\/home\/wp-content\/uploads\/2021\/12\/DSC_0700-480x320.jpg 480w\" sizes=\"(min-width: 0px) and (max-width: 480px) 480px, (min-width: 481px) and (max-width: 980px) 980px, (min-width: 981px) 1169px, 100vw\" \/><figcaption class=\"blocks-gallery-item__caption\">Acto de inauguraci\u00f3n en representaci\u00f3n de autoridades municipales<\/figcaption><\/figure><\/li><li class=\"blocks-gallery-item\"><figure><img loading=\"lazy\" decoding=\"async\" width=\"1169\" height=\"780\" src=\"https:\/\/www.centromedicoregionalmixteca.com\/home\/wp-content\/uploads\/2021\/12\/DSC_0708.jpg\" alt=\"\" data-id=\"739\" data-full-url=\"https:\/\/www.centromedicoregionalmixteca.com\/home\/wp-content\/uploads\/2021\/12\/DSC_0708.jpg\" data-link=\"https:\/\/www.centromedicoregionalmixteca.com\/home\/?attachment_id=739\" class=\"wp-image-739\" srcset=\"https:\/\/www.centromedicoregionalmixteca.com\/home\/wp-content\/uploads\/2021\/12\/DSC_0708.jpg 1169w, https:\/\/www.centromedicoregionalmixteca.com\/home\/wp-content\/uploads\/2021\/12\/DSC_0708-980x654.jpg 980w, https:\/\/www.centromedicoregionalmixteca.com\/home\/wp-content\/uploads\/2021\/12\/DSC_0708-480x320.jpg 480w\" sizes=\"(min-width: 0px) and (max-width: 480px) 480px, (min-width: 481px) and (max-width: 980px) 980px, (min-width: 981px) 1169px, 100vw\" \/><figcaption class=\"blocks-gallery-item__caption\">Asistentes durante el acto de inauguraci\u00f3n<\/figcaption><\/figure><\/li><\/ul><\/figure>\n\n\n\n<figure class=\"wp-block-gallery columns-1 is-cropped wp-block-gallery-7 is-layout-flex wp-block-gallery-is-layout-flex\"><ul class=\"blocks-gallery-grid\"><li class=\"blocks-gallery-item\"><figure><img loading=\"lazy\" decoding=\"async\" width=\"1169\" height=\"780\" src=\"https:\/\/www.centromedicoregionalmixteca.com\/home\/wp-content\/uploads\/2021\/12\/DSC_0713.jpg\" alt=\"\" data-id=\"740\" data-full-url=\"https:\/\/www.centromedicoregionalmixteca.com\/home\/wp-content\/uploads\/2021\/12\/DSC_0713.jpg\" data-link=\"https:\/\/www.centromedicoregionalmixteca.com\/home\/?attachment_id=740\" class=\"wp-image-740\" srcset=\"https:\/\/www.centromedicoregionalmixteca.com\/home\/wp-content\/uploads\/2021\/12\/DSC_0713.jpg 1169w, https:\/\/www.centromedicoregionalmixteca.com\/home\/wp-content\/uploads\/2021\/12\/DSC_0713-980x654.jpg 980w, https:\/\/www.centromedicoregionalmixteca.com\/home\/wp-content\/uploads\/2021\/12\/DSC_0713-480x320.jpg 480w\" sizes=\"(min-width: 0px) and (max-width: 480px) 480px, (min-width: 481px) and (max-width: 980px) 980px, (min-width: 981px) 1169px, 100vw\" \/><figcaption class=\"blocks-gallery-item__caption\">Carpetas personalizadas del evento<\/figcaption><\/figure><\/li><\/ul><\/figure>\n\n\n\n<figure class=\"wp-block-gallery columns-2 is-cropped wp-block-gallery-8 is-layout-flex wp-block-gallery-is-layout-flex\"><ul class=\"blocks-gallery-grid\"><li class=\"blocks-gallery-item\"><figure><img loading=\"lazy\" decoding=\"async\" width=\"1169\" height=\"780\" src=\"https:\/\/www.centromedicoregionalmixteca.com\/home\/wp-content\/uploads\/2021\/12\/DSC_0720.jpg\" alt=\"\" data-id=\"743\" data-full-url=\"https:\/\/www.centromedicoregionalmixteca.com\/home\/wp-content\/uploads\/2021\/12\/DSC_0720.jpg\" data-link=\"https:\/\/www.centromedicoregionalmixteca.com\/home\/?attachment_id=743\" class=\"wp-image-743\" srcset=\"https:\/\/www.centromedicoregionalmixteca.com\/home\/wp-content\/uploads\/2021\/12\/DSC_0720.jpg 1169w, https:\/\/www.centromedicoregionalmixteca.com\/home\/wp-content\/uploads\/2021\/12\/DSC_0720-980x654.jpg 980w, https:\/\/www.centromedicoregionalmixteca.com\/home\/wp-content\/uploads\/2021\/12\/DSC_0720-480x320.jpg 480w\" sizes=\"(min-width: 0px) and (max-width: 480px) 480px, (min-width: 481px) and (max-width: 980px) 980px, (min-width: 981px) 1169px, 100vw\" \/><figcaption class=\"blocks-gallery-item__caption\">Ponencia &#8220;Protocolo de atenci\u00f3n del trauma raquimedular&#8221;<\/figcaption><\/figure><\/li><li class=\"blocks-gallery-item\"><figure><img loading=\"lazy\" decoding=\"async\" width=\"780\" height=\"1169\" src=\"https:\/\/www.centromedicoregionalmixteca.com\/home\/wp-content\/uploads\/2021\/12\/DSC_0724.jpg\" alt=\"\" data-id=\"744\" data-full-url=\"https:\/\/www.centromedicoregionalmixteca.com\/home\/wp-content\/uploads\/2021\/12\/DSC_0724.jpg\" data-link=\"https:\/\/www.centromedicoregionalmixteca.com\/home\/?attachment_id=744\" class=\"wp-image-744\" srcset=\"https:\/\/www.centromedicoregionalmixteca.com\/home\/wp-content\/uploads\/2021\/12\/DSC_0724.jpg 780w, https:\/\/www.centromedicoregionalmixteca.com\/home\/wp-content\/uploads\/2021\/12\/DSC_0724-480x719.jpg 480w\" sizes=\"(min-width: 0px) and (max-width: 480px) 480px, (min-width: 481px) 780px, 100vw\" \/><figcaption class=\"blocks-gallery-item__caption\">Dr. Lucio Mart\u00ednez L\u00f3pez \/ M\u00e9dico Traumat\u00f3logo del CMR<\/figcaption><\/figure><\/li><\/ul><\/figure>\n\n\n\n<figure class=\"wp-block-gallery columns-2 is-cropped wp-block-gallery-9 is-layout-flex wp-block-gallery-is-layout-flex\"><ul class=\"blocks-gallery-grid\"><li class=\"blocks-gallery-item\"><figure><img loading=\"lazy\" decoding=\"async\" width=\"1169\" height=\"780\" src=\"https:\/\/www.centromedicoregionalmixteca.com\/home\/wp-content\/uploads\/2021\/12\/DSC_0727.jpg\" alt=\"\" data-id=\"745\" data-full-url=\"https:\/\/www.centromedicoregionalmixteca.com\/home\/wp-content\/uploads\/2021\/12\/DSC_0727.jpg\" data-link=\"https:\/\/www.centromedicoregionalmixteca.com\/home\/?attachment_id=745\" class=\"wp-image-745\" srcset=\"https:\/\/www.centromedicoregionalmixteca.com\/home\/wp-content\/uploads\/2021\/12\/DSC_0727.jpg 1169w, https:\/\/www.centromedicoregionalmixteca.com\/home\/wp-content\/uploads\/2021\/12\/DSC_0727-980x654.jpg 980w, https:\/\/www.centromedicoregionalmixteca.com\/home\/wp-content\/uploads\/2021\/12\/DSC_0727-480x320.jpg 480w\" sizes=\"(min-width: 0px) and (max-width: 480px) 480px, (min-width: 481px) and (max-width: 980px) 980px, (min-width: 981px) 1169px, 100vw\" \/><figcaption class=\"blocks-gallery-item__caption\">Introducci\u00f3n al tema<\/figcaption><\/figure><\/li><li class=\"blocks-gallery-item\"><figure><img loading=\"lazy\" decoding=\"async\" width=\"1169\" height=\"780\" src=\"https:\/\/www.centromedicoregionalmixteca.com\/home\/wp-content\/uploads\/2021\/12\/DSC_0740.jpg\" alt=\"\" data-id=\"746\" data-full-url=\"https:\/\/www.centromedicoregionalmixteca.com\/home\/wp-content\/uploads\/2021\/12\/DSC_0740.jpg\" data-link=\"https:\/\/www.centromedicoregionalmixteca.com\/home\/?attachment_id=746\" class=\"wp-image-746\" srcset=\"https:\/\/www.centromedicoregionalmixteca.com\/home\/wp-content\/uploads\/2021\/12\/DSC_0740.jpg 1169w, https:\/\/www.centromedicoregionalmixteca.com\/home\/wp-content\/uploads\/2021\/12\/DSC_0740-980x654.jpg 980w, https:\/\/www.centromedicoregionalmixteca.com\/home\/wp-content\/uploads\/2021\/12\/DSC_0740-480x320.jpg 480w\" sizes=\"(min-width: 0px) and (max-width: 480px) 480px, (min-width: 481px) and (max-width: 980px) 980px, (min-width: 981px) 1169px, 100vw\" \/><figcaption class=\"blocks-gallery-item__caption\">Dr. Lucio Mart\u00ednez L\u00f3pez<\/figcaption><\/figure><\/li><\/ul><\/figure>\n\n\n\n<figure class=\"wp-block-gallery columns-2 is-cropped wp-block-gallery-10 is-layout-flex wp-block-gallery-is-layout-flex\"><ul class=\"blocks-gallery-grid\"><li class=\"blocks-gallery-item\"><figure><img loading=\"lazy\" decoding=\"async\" width=\"1169\" height=\"780\" src=\"https:\/\/www.centromedicoregionalmixteca.com\/home\/wp-content\/uploads\/2021\/12\/DSC_0752.jpg\" alt=\"\" data-id=\"747\" data-full-url=\"https:\/\/www.centromedicoregionalmixteca.com\/home\/wp-content\/uploads\/2021\/12\/DSC_0752.jpg\" data-link=\"https:\/\/www.centromedicoregionalmixteca.com\/home\/?attachment_id=747\" class=\"wp-image-747\" srcset=\"https:\/\/www.centromedicoregionalmixteca.com\/home\/wp-content\/uploads\/2021\/12\/DSC_0752.jpg 1169w, https:\/\/www.centromedicoregionalmixteca.com\/home\/wp-content\/uploads\/2021\/12\/DSC_0752-980x654.jpg 980w, https:\/\/www.centromedicoregionalmixteca.com\/home\/wp-content\/uploads\/2021\/12\/DSC_0752-480x320.jpg 480w\" sizes=\"(min-width: 0px) and (max-width: 480px) 480px, (min-width: 481px) and (max-width: 980px) 980px, (min-width: 981px) 1169px, 100vw\" \/><figcaption class=\"blocks-gallery-item__caption\">Ronda de preguntas y respuestas al t\u00e9rmino de ponencia<\/figcaption><\/figure><\/li><li class=\"blocks-gallery-item\"><figure><img loading=\"lazy\" decoding=\"async\" width=\"1169\" height=\"780\" src=\"https:\/\/www.centromedicoregionalmixteca.com\/home\/wp-content\/uploads\/2021\/12\/DSC_0755.jpg\" alt=\"\" data-id=\"748\" data-full-url=\"https:\/\/www.centromedicoregionalmixteca.com\/home\/wp-content\/uploads\/2021\/12\/DSC_0755.jpg\" data-link=\"https:\/\/www.centromedicoregionalmixteca.com\/home\/?attachment_id=748\" class=\"wp-image-748\" srcset=\"https:\/\/www.centromedicoregionalmixteca.com\/home\/wp-content\/uploads\/2021\/12\/DSC_0755.jpg 1169w, https:\/\/www.centromedicoregionalmixteca.com\/home\/wp-content\/uploads\/2021\/12\/DSC_0755-980x654.jpg 980w, https:\/\/www.centromedicoregionalmixteca.com\/home\/wp-content\/uploads\/2021\/12\/DSC_0755-480x320.jpg 480w\" sizes=\"(min-width: 0px) and (max-width: 480px) 480px, (min-width: 481px) and (max-width: 980px) 980px, (min-width: 981px) 1169px, 100vw\" \/><figcaption class=\"blocks-gallery-item__caption\">Ronda de PyR al t\u00e9rmino de ponencia<\/figcaption><\/figure><\/li><\/ul><\/figure>\n\n\n\n<figure class=\"wp-block-gallery columns-2 is-cropped wp-block-gallery-11 is-layout-flex wp-block-gallery-is-layout-flex\"><ul class=\"blocks-gallery-grid\"><li class=\"blocks-gallery-item\"><figure><img loading=\"lazy\" decoding=\"async\" width=\"1169\" height=\"780\" src=\"https:\/\/www.centromedicoregionalmixteca.com\/home\/wp-content\/uploads\/2021\/12\/DSC_0770.jpg\" alt=\"\" data-id=\"749\" data-full-url=\"https:\/\/www.centromedicoregionalmixteca.com\/home\/wp-content\/uploads\/2021\/12\/DSC_0770.jpg\" data-link=\"https:\/\/www.centromedicoregionalmixteca.com\/home\/?attachment_id=749\" class=\"wp-image-749\" srcset=\"https:\/\/www.centromedicoregionalmixteca.com\/home\/wp-content\/uploads\/2021\/12\/DSC_0770.jpg 1169w, https:\/\/www.centromedicoregionalmixteca.com\/home\/wp-content\/uploads\/2021\/12\/DSC_0770-980x654.jpg 980w, https:\/\/www.centromedicoregionalmixteca.com\/home\/wp-content\/uploads\/2021\/12\/DSC_0770-480x320.jpg 480w\" sizes=\"(min-width: 0px) and (max-width: 480px) 480px, (min-width: 481px) and (max-width: 980px) 980px, (min-width: 981px) 1169px, 100vw\" \/><figcaption class=\"blocks-gallery-item__caption\">Dr. Artemio P\u00e9rez Barbosa \/ M\u00e9dico Neurocirujano del CMR<\/figcaption><\/figure><\/li><li class=\"blocks-gallery-item\"><figure><img loading=\"lazy\" decoding=\"async\" width=\"1169\" height=\"780\" src=\"https:\/\/www.centromedicoregionalmixteca.com\/home\/wp-content\/uploads\/2021\/12\/DSC_0771.jpg\" alt=\"\" data-id=\"750\" data-full-url=\"https:\/\/www.centromedicoregionalmixteca.com\/home\/wp-content\/uploads\/2021\/12\/DSC_0771.jpg\" data-link=\"https:\/\/www.centromedicoregionalmixteca.com\/home\/?attachment_id=750\" class=\"wp-image-750\" srcset=\"https:\/\/www.centromedicoregionalmixteca.com\/home\/wp-content\/uploads\/2021\/12\/DSC_0771.jpg 1169w, https:\/\/www.centromedicoregionalmixteca.com\/home\/wp-content\/uploads\/2021\/12\/DSC_0771-980x654.jpg 980w, https:\/\/www.centromedicoregionalmixteca.com\/home\/wp-content\/uploads\/2021\/12\/DSC_0771-480x320.jpg 480w\" sizes=\"(min-width: 0px) and (max-width: 480px) 480px, (min-width: 481px) and (max-width: 980px) 980px, (min-width: 981px) 1169px, 100vw\" \/><figcaption class=\"blocks-gallery-item__caption\">Ponencia &#8220;Perlas de atenci\u00f3n en el Traumatismo Craneoencef\u00e1lico Severo&#8221;<\/figcaption><\/figure><\/li><\/ul><\/figure>\n\n\n\n<figure class=\"wp-block-gallery columns-1 is-cropped wp-block-gallery-12 is-layout-flex wp-block-gallery-is-layout-flex\"><ul class=\"blocks-gallery-grid\"><li class=\"blocks-gallery-item\"><figure><img loading=\"lazy\" decoding=\"async\" width=\"1169\" height=\"780\" src=\"https:\/\/www.centromedicoregionalmixteca.com\/home\/wp-content\/uploads\/2021\/12\/DSC_0774.jpg\" alt=\"\" data-id=\"751\" data-full-url=\"https:\/\/www.centromedicoregionalmixteca.com\/home\/wp-content\/uploads\/2021\/12\/DSC_0774.jpg\" data-link=\"https:\/\/www.centromedicoregionalmixteca.com\/home\/?attachment_id=751\" class=\"wp-image-751\" srcset=\"https:\/\/www.centromedicoregionalmixteca.com\/home\/wp-content\/uploads\/2021\/12\/DSC_0774.jpg 1169w, https:\/\/www.centromedicoregionalmixteca.com\/home\/wp-content\/uploads\/2021\/12\/DSC_0774-980x654.jpg 980w, https:\/\/www.centromedicoregionalmixteca.com\/home\/wp-content\/uploads\/2021\/12\/DSC_0774-480x320.jpg 480w\" sizes=\"(min-width: 0px) and (max-width: 480px) 480px, (min-width: 481px) and (max-width: 980px) 980px, (min-width: 981px) 1169px, 100vw\" \/><figcaption class=\"blocks-gallery-item__caption\">Ronda de PyR al t\u00e9rmino de ponencia<\/figcaption><\/figure><\/li><\/ul><\/figure>\n\n\n\n<figure class=\"wp-block-gallery columns-2 is-cropped wp-block-gallery-13 is-layout-flex wp-block-gallery-is-layout-flex\"><ul class=\"blocks-gallery-grid\"><li class=\"blocks-gallery-item\"><figure><img loading=\"lazy\" decoding=\"async\" width=\"780\" height=\"1169\" src=\"https:\/\/www.centromedicoregionalmixteca.com\/home\/wp-content\/uploads\/2021\/12\/DSC_0787-1.jpg\" alt=\"\" data-id=\"754\" data-full-url=\"https:\/\/www.centromedicoregionalmixteca.com\/home\/wp-content\/uploads\/2021\/12\/DSC_0787-1.jpg\" data-link=\"https:\/\/www.centromedicoregionalmixteca.com\/home\/?attachment_id=754\" class=\"wp-image-754\" srcset=\"https:\/\/www.centromedicoregionalmixteca.com\/home\/wp-content\/uploads\/2021\/12\/DSC_0787-1.jpg 780w, https:\/\/www.centromedicoregionalmixteca.com\/home\/wp-content\/uploads\/2021\/12\/DSC_0787-1-480x719.jpg 480w\" sizes=\"(min-width: 0px) and (max-width: 480px) 480px, (min-width: 481px) 780px, 100vw\" \/><figcaption class=\"blocks-gallery-item__caption\">Ronda de PyR al t\u00e9rmino de ponencia<\/figcaption><\/figure><\/li><li class=\"blocks-gallery-item\"><figure><img loading=\"lazy\" decoding=\"async\" width=\"780\" height=\"1169\" src=\"https:\/\/www.centromedicoregionalmixteca.com\/home\/wp-content\/uploads\/2021\/12\/DSC_0803.jpg\" alt=\"\" data-id=\"755\" data-full-url=\"https:\/\/www.centromedicoregionalmixteca.com\/home\/wp-content\/uploads\/2021\/12\/DSC_0803.jpg\" data-link=\"https:\/\/www.centromedicoregionalmixteca.com\/home\/?attachment_id=755\" class=\"wp-image-755\" srcset=\"https:\/\/www.centromedicoregionalmixteca.com\/home\/wp-content\/uploads\/2021\/12\/DSC_0803.jpg 780w, https:\/\/www.centromedicoregionalmixteca.com\/home\/wp-content\/uploads\/2021\/12\/DSC_0803-480x719.jpg 480w\" sizes=\"(min-width: 0px) and (max-width: 480px) 480px, (min-width: 481px) 780px, 100vw\" \/><figcaption class=\"blocks-gallery-item__caption\">Dr. Artemio recibiendo obsequio al concluir su ponencia<\/figcaption><\/figure><\/li><\/ul><\/figure>\n\n\n\n<figure class=\"wp-block-gallery columns-2 is-cropped wp-block-gallery-14 is-layout-flex wp-block-gallery-is-layout-flex\"><ul class=\"blocks-gallery-grid\"><li class=\"blocks-gallery-item\"><figure><img loading=\"lazy\" decoding=\"async\" width=\"780\" height=\"1169\" src=\"https:\/\/www.centromedicoregionalmixteca.com\/home\/wp-content\/uploads\/2021\/12\/DSC_0820.jpg\" alt=\"\" data-id=\"756\" data-full-url=\"https:\/\/www.centromedicoregionalmixteca.com\/home\/wp-content\/uploads\/2021\/12\/DSC_0820.jpg\" data-link=\"https:\/\/www.centromedicoregionalmixteca.com\/home\/?attachment_id=756\" class=\"wp-image-756\" srcset=\"https:\/\/www.centromedicoregionalmixteca.com\/home\/wp-content\/uploads\/2021\/12\/DSC_0820.jpg 780w, https:\/\/www.centromedicoregionalmixteca.com\/home\/wp-content\/uploads\/2021\/12\/DSC_0820-480x719.jpg 480w\" sizes=\"(min-width: 0px) and (max-width: 480px) 480px, (min-width: 481px) 780px, 100vw\" \/><figcaption class=\"blocks-gallery-item__caption\">Ponencia &#8220;Trauma tor\u00e1cico y abdominal&#8221;<\/figcaption><\/figure><\/li><li class=\"blocks-gallery-item\"><figure><img loading=\"lazy\" decoding=\"async\" width=\"1169\" height=\"780\" src=\"https:\/\/www.centromedicoregionalmixteca.com\/home\/wp-content\/uploads\/2021\/12\/DSC_0846.jpg\" alt=\"\" data-id=\"757\" data-full-url=\"https:\/\/www.centromedicoregionalmixteca.com\/home\/wp-content\/uploads\/2021\/12\/DSC_0846.jpg\" data-link=\"https:\/\/www.centromedicoregionalmixteca.com\/home\/?attachment_id=757\" class=\"wp-image-757\" srcset=\"https:\/\/www.centromedicoregionalmixteca.com\/home\/wp-content\/uploads\/2021\/12\/DSC_0846.jpg 1169w, https:\/\/www.centromedicoregionalmixteca.com\/home\/wp-content\/uploads\/2021\/12\/DSC_0846-980x654.jpg 980w, https:\/\/www.centromedicoregionalmixteca.com\/home\/wp-content\/uploads\/2021\/12\/DSC_0846-480x320.jpg 480w\" sizes=\"(min-width: 0px) and (max-width: 480px) 480px, (min-width: 481px) and (max-width: 980px) 980px, (min-width: 981px) 1169px, 100vw\" \/><figcaption class=\"blocks-gallery-item__caption\">Dr. Miguel \u00c1ngel Ordu\u00f1a Alor durante su ponencia sobre trauma tor\u00e1cico y abdominal<\/figcaption><\/figure><\/li><\/ul><\/figure>\n\n\n\n<figure class=\"wp-block-gallery columns-2 is-cropped wp-block-gallery-15 is-layout-flex wp-block-gallery-is-layout-flex\"><ul class=\"blocks-gallery-grid\"><li class=\"blocks-gallery-item\"><figure><img loading=\"lazy\" decoding=\"async\" width=\"1169\" height=\"780\" src=\"https:\/\/www.centromedicoregionalmixteca.com\/home\/wp-content\/uploads\/2021\/12\/DSC_0808.jpg\" alt=\"\" data-id=\"758\" data-full-url=\"https:\/\/www.centromedicoregionalmixteca.com\/home\/wp-content\/uploads\/2021\/12\/DSC_0808.jpg\" data-link=\"https:\/\/www.centromedicoregionalmixteca.com\/home\/?attachment_id=758\" class=\"wp-image-758\" srcset=\"https:\/\/www.centromedicoregionalmixteca.com\/home\/wp-content\/uploads\/2021\/12\/DSC_0808.jpg 1169w, https:\/\/www.centromedicoregionalmixteca.com\/home\/wp-content\/uploads\/2021\/12\/DSC_0808-980x654.jpg 980w, https:\/\/www.centromedicoregionalmixteca.com\/home\/wp-content\/uploads\/2021\/12\/DSC_0808-480x320.jpg 480w\" sizes=\"(min-width: 0px) and (max-width: 480px) 480px, (min-width: 481px) and (max-width: 980px) 980px, (min-width: 981px) 1169px, 100vw\" \/><figcaption class=\"blocks-gallery-item__caption\">Ponencia sobre trauma tor\u00e1cico y abdominal<\/figcaption><\/figure><\/li><li class=\"blocks-gallery-item\"><figure><img loading=\"lazy\" decoding=\"async\" width=\"1169\" height=\"780\" src=\"https:\/\/www.centromedicoregionalmixteca.com\/home\/wp-content\/uploads\/2021\/12\/DSC_0819.jpg\" alt=\"\" data-id=\"759\" data-full-url=\"https:\/\/www.centromedicoregionalmixteca.com\/home\/wp-content\/uploads\/2021\/12\/DSC_0819.jpg\" data-link=\"https:\/\/www.centromedicoregionalmixteca.com\/home\/?attachment_id=759\" class=\"wp-image-759\" srcset=\"https:\/\/www.centromedicoregionalmixteca.com\/home\/wp-content\/uploads\/2021\/12\/DSC_0819.jpg 1169w, https:\/\/www.centromedicoregionalmixteca.com\/home\/wp-content\/uploads\/2021\/12\/DSC_0819-980x654.jpg 980w, https:\/\/www.centromedicoregionalmixteca.com\/home\/wp-content\/uploads\/2021\/12\/DSC_0819-480x320.jpg 480w\" sizes=\"(min-width: 0px) and (max-width: 480px) 480px, (min-width: 481px) and (max-width: 980px) 980px, (min-width: 981px) 1169px, 100vw\" \/><figcaption class=\"blocks-gallery-item__caption\">Ponencia sobre trauma tor\u00e1cico y abdominal<\/figcaption><\/figure><\/li><\/ul><\/figure>\n\n\n\n<figure class=\"wp-block-gallery columns-2 is-cropped wp-block-gallery-16 is-layout-flex wp-block-gallery-is-layout-flex\"><ul class=\"blocks-gallery-grid\"><li class=\"blocks-gallery-item\"><figure><img loading=\"lazy\" decoding=\"async\" width=\"780\" height=\"1169\" src=\"https:\/\/www.centromedicoregionalmixteca.com\/home\/wp-content\/uploads\/2021\/12\/DSC_0854.jpg\" alt=\"\" data-id=\"760\" data-full-url=\"https:\/\/www.centromedicoregionalmixteca.com\/home\/wp-content\/uploads\/2021\/12\/DSC_0854.jpg\" data-link=\"https:\/\/www.centromedicoregionalmixteca.com\/home\/?attachment_id=760\" class=\"wp-image-760\" srcset=\"https:\/\/www.centromedicoregionalmixteca.com\/home\/wp-content\/uploads\/2021\/12\/DSC_0854.jpg 780w, https:\/\/www.centromedicoregionalmixteca.com\/home\/wp-content\/uploads\/2021\/12\/DSC_0854-480x719.jpg 480w\" sizes=\"(min-width: 0px) and (max-width: 480px) 480px, (min-width: 481px) 780px, 100vw\" \/><figcaption class=\"blocks-gallery-item__caption\">Dra. Elizabeth Reyes M\u00e9ndez \/ M\u00e9dico Urgenci\u00f3loga del CMR<\/figcaption><\/figure><\/li><li class=\"blocks-gallery-item\"><figure><img loading=\"lazy\" decoding=\"async\" width=\"780\" height=\"1169\" src=\"https:\/\/www.centromedicoregionalmixteca.com\/home\/wp-content\/uploads\/2021\/12\/DSC_0857.jpg\" alt=\"\" data-id=\"761\" data-full-url=\"https:\/\/www.centromedicoregionalmixteca.com\/home\/wp-content\/uploads\/2021\/12\/DSC_0857.jpg\" data-link=\"https:\/\/www.centromedicoregionalmixteca.com\/home\/?attachment_id=761\" class=\"wp-image-761\" srcset=\"https:\/\/www.centromedicoregionalmixteca.com\/home\/wp-content\/uploads\/2021\/12\/DSC_0857.jpg 780w, https:\/\/www.centromedicoregionalmixteca.com\/home\/wp-content\/uploads\/2021\/12\/DSC_0857-480x719.jpg 480w\" sizes=\"(min-width: 0px) and (max-width: 480px) 480px, (min-width: 481px) 780px, 100vw\" \/><figcaption class=\"blocks-gallery-item__caption\">Dra. Elizabeth dando inicio a la ponencia &#8220;Evaluaci\u00f3n Primaria y Secundaria al paciente pedi\u00e1trico con c\u00f3digo trauma&#8221;<\/figcaption><\/figure><\/li><\/ul><\/figure>\n\n\n\n<figure class=\"wp-block-gallery columns-2 is-cropped wp-block-gallery-17 is-layout-flex wp-block-gallery-is-layout-flex\"><ul class=\"blocks-gallery-grid\"><li class=\"blocks-gallery-item\"><figure><img loading=\"lazy\" decoding=\"async\" width=\"1169\" height=\"780\" src=\"https:\/\/www.centromedicoregionalmixteca.com\/home\/wp-content\/uploads\/2021\/12\/DSC_0859.jpg\" alt=\"\" data-id=\"762\" data-full-url=\"https:\/\/www.centromedicoregionalmixteca.com\/home\/wp-content\/uploads\/2021\/12\/DSC_0859.jpg\" data-link=\"https:\/\/www.centromedicoregionalmixteca.com\/home\/?attachment_id=762\" class=\"wp-image-762\" srcset=\"https:\/\/www.centromedicoregionalmixteca.com\/home\/wp-content\/uploads\/2021\/12\/DSC_0859.jpg 1169w, https:\/\/www.centromedicoregionalmixteca.com\/home\/wp-content\/uploads\/2021\/12\/DSC_0859-980x654.jpg 980w, https:\/\/www.centromedicoregionalmixteca.com\/home\/wp-content\/uploads\/2021\/12\/DSC_0859-480x320.jpg 480w\" sizes=\"(min-width: 0px) and (max-width: 480px) 480px, (min-width: 481px) and (max-width: 980px) 980px, (min-width: 981px) 1169px, 100vw\" \/><figcaption class=\"blocks-gallery-item__caption\">Ponencia sobre evaluaci\u00f3n primaria y secundaria del paciente pedi\u00e1trico con c\u00f3digo trauma <\/figcaption><\/figure><\/li><li class=\"blocks-gallery-item\"><figure><img loading=\"lazy\" decoding=\"async\" width=\"1169\" height=\"780\" src=\"https:\/\/www.centromedicoregionalmixteca.com\/home\/wp-content\/uploads\/2021\/12\/DSC_0863.jpg\" alt=\"\" data-id=\"764\" data-full-url=\"https:\/\/www.centromedicoregionalmixteca.com\/home\/wp-content\/uploads\/2021\/12\/DSC_0863.jpg\" data-link=\"https:\/\/www.centromedicoregionalmixteca.com\/home\/?attachment_id=764\" class=\"wp-image-764\" srcset=\"https:\/\/www.centromedicoregionalmixteca.com\/home\/wp-content\/uploads\/2021\/12\/DSC_0863.jpg 1169w, https:\/\/www.centromedicoregionalmixteca.com\/home\/wp-content\/uploads\/2021\/12\/DSC_0863-980x654.jpg 980w, https:\/\/www.centromedicoregionalmixteca.com\/home\/wp-content\/uploads\/2021\/12\/DSC_0863-480x320.jpg 480w\" sizes=\"(min-width: 0px) and (max-width: 480px) 480px, (min-width: 481px) and (max-width: 980px) 980px, (min-width: 981px) 1169px, 100vw\" \/><figcaption class=\"blocks-gallery-item__caption\">Ponencia sobre evaluaci\u00f3n primaria y secundaria del paciente pedi\u00e1trico con c\u00f3digo trauma<\/figcaption><\/figure><\/li><\/ul><\/figure>\n\n\n\n<figure class=\"wp-block-image size-full\"><img loading=\"lazy\" decoding=\"async\" width=\"1169\" height=\"780\" src=\"https:\/\/www.centromedicoregionalmixteca.com\/home\/wp-content\/uploads\/2021\/12\/DSC_0894-1.jpg\" alt=\"\" class=\"wp-image-767\" srcset=\"https:\/\/www.centromedicoregionalmixteca.com\/home\/wp-content\/uploads\/2021\/12\/DSC_0894-1.jpg 1169w, https:\/\/www.centromedicoregionalmixteca.com\/home\/wp-content\/uploads\/2021\/12\/DSC_0894-1-980x654.jpg 980w, https:\/\/www.centromedicoregionalmixteca.com\/home\/wp-content\/uploads\/2021\/12\/DSC_0894-1-480x320.jpg 480w\" sizes=\"(min-width: 0px) and (max-width: 480px) 480px, (min-width: 481px) and (max-width: 980px) 980px, (min-width: 981px) 1169px, 100vw\" \/><figcaption><em> Al concluir las ponencias, se llev\u00f3 a cabo una rifa con los asistentes presenciales. <\/em><\/figcaption><\/figure>\n\n\n\n<figure class=\"wp-block-gallery columns-2 is-cropped wp-block-gallery-18 is-layout-flex wp-block-gallery-is-layout-flex\"><ul class=\"blocks-gallery-grid\"><li class=\"blocks-gallery-item\"><figure><img loading=\"lazy\" decoding=\"async\" width=\"1169\" height=\"780\" src=\"https:\/\/www.centromedicoregionalmixteca.com\/home\/wp-content\/uploads\/2021\/12\/DSC_0867.jpg\" alt=\"\" data-id=\"770\" data-full-url=\"https:\/\/www.centromedicoregionalmixteca.com\/home\/wp-content\/uploads\/2021\/12\/DSC_0867.jpg\" data-link=\"https:\/\/www.centromedicoregionalmixteca.com\/home\/?attachment_id=770\" class=\"wp-image-770\" srcset=\"https:\/\/www.centromedicoregionalmixteca.com\/home\/wp-content\/uploads\/2021\/12\/DSC_0867.jpg 1169w, https:\/\/www.centromedicoregionalmixteca.com\/home\/wp-content\/uploads\/2021\/12\/DSC_0867-980x654.jpg 980w, https:\/\/www.centromedicoregionalmixteca.com\/home\/wp-content\/uploads\/2021\/12\/DSC_0867-480x320.jpg 480w\" sizes=\"(min-width: 0px) and (max-width: 480px) 480px, (min-width: 481px) and (max-width: 980px) 980px, (min-width: 981px) 1169px, 100vw\" \/><figcaption class=\"blocks-gallery-item__caption\">Asistentes ganadores durante rifa<\/figcaption><\/figure><\/li><li class=\"blocks-gallery-item\"><figure><img loading=\"lazy\" decoding=\"async\" width=\"1169\" height=\"780\" src=\"https:\/\/www.centromedicoregionalmixteca.com\/home\/wp-content\/uploads\/2021\/12\/DSC_0888-1.jpg\" alt=\"\" data-id=\"771\" data-full-url=\"https:\/\/www.centromedicoregionalmixteca.com\/home\/wp-content\/uploads\/2021\/12\/DSC_0888-1.jpg\" data-link=\"https:\/\/www.centromedicoregionalmixteca.com\/home\/?attachment_id=771\" class=\"wp-image-771\" srcset=\"https:\/\/www.centromedicoregionalmixteca.com\/home\/wp-content\/uploads\/2021\/12\/DSC_0888-1.jpg 1169w, https:\/\/www.centromedicoregionalmixteca.com\/home\/wp-content\/uploads\/2021\/12\/DSC_0888-1-980x654.jpg 980w, https:\/\/www.centromedicoregionalmixteca.com\/home\/wp-content\/uploads\/2021\/12\/DSC_0888-1-480x320.jpg 480w\" sizes=\"(min-width: 0px) and (max-width: 480px) 480px, (min-width: 481px) and (max-width: 980px) 980px, (min-width: 981px) 1169px, 100vw\" \/><figcaption class=\"blocks-gallery-item__caption\">Asistentes ganadores durante rifa<\/figcaption><\/figure><\/li><\/ul><\/figure>\n\n\n\n<figure class=\"wp-block-gallery columns-2 is-cropped wp-block-gallery-19 is-layout-flex wp-block-gallery-is-layout-flex\"><ul class=\"blocks-gallery-grid\"><li class=\"blocks-gallery-item\"><figure><img loading=\"lazy\" decoding=\"async\" width=\"780\" height=\"1169\" src=\"https:\/\/www.centromedicoregionalmixteca.com\/home\/wp-content\/uploads\/2021\/12\/DSC_0898.jpg\" alt=\"\" data-id=\"774\" data-full-url=\"https:\/\/www.centromedicoregionalmixteca.com\/home\/wp-content\/uploads\/2021\/12\/DSC_0898.jpg\" data-link=\"https:\/\/www.centromedicoregionalmixteca.com\/home\/?attachment_id=774\" class=\"wp-image-774\" srcset=\"https:\/\/www.centromedicoregionalmixteca.com\/home\/wp-content\/uploads\/2021\/12\/DSC_0898.jpg 780w, https:\/\/www.centromedicoregionalmixteca.com\/home\/wp-content\/uploads\/2021\/12\/DSC_0898-480x719.jpg 480w\" sizes=\"(min-width: 0px) and (max-width: 480px) 480px, (min-width: 481px) 780px, 100vw\" \/><figcaption class=\"blocks-gallery-item__caption\">Asistentes ganadores durante rifa<\/figcaption><\/figure><\/li><li class=\"blocks-gallery-item\"><figure><img loading=\"lazy\" decoding=\"async\" width=\"780\" height=\"1169\" src=\"https:\/\/www.centromedicoregionalmixteca.com\/home\/wp-content\/uploads\/2021\/12\/DSC_0885.jpg\" alt=\"\" data-id=\"773\" data-full-url=\"https:\/\/www.centromedicoregionalmixteca.com\/home\/wp-content\/uploads\/2021\/12\/DSC_0885.jpg\" data-link=\"https:\/\/www.centromedicoregionalmixteca.com\/home\/?attachment_id=773\" class=\"wp-image-773\" srcset=\"https:\/\/www.centromedicoregionalmixteca.com\/home\/wp-content\/uploads\/2021\/12\/DSC_0885.jpg 780w, https:\/\/www.centromedicoregionalmixteca.com\/home\/wp-content\/uploads\/2021\/12\/DSC_0885-480x719.jpg 480w\" sizes=\"(min-width: 0px) and (max-width: 480px) 480px, (min-width: 481px) 780px, 100vw\" \/><figcaption class=\"blocks-gallery-item__caption\">Asistentes ganadores durante rifa<\/figcaption><\/figure><\/li><\/ul><\/figure>\n\n\n\n<figure class=\"wp-block-gallery columns-1 is-cropped wp-block-gallery-20 is-layout-flex wp-block-gallery-is-layout-flex\"><ul class=\"blocks-gallery-grid\"><li class=\"blocks-gallery-item\"><figure><img loading=\"lazy\" decoding=\"async\" width=\"1169\" height=\"780\" src=\"https:\/\/www.centromedicoregionalmixteca.com\/home\/wp-content\/uploads\/2021\/12\/DSC_0875.jpg\" alt=\"\" data-id=\"768\" data-full-url=\"https:\/\/www.centromedicoregionalmixteca.com\/home\/wp-content\/uploads\/2021\/12\/DSC_0875.jpg\" data-link=\"https:\/\/www.centromedicoregionalmixteca.com\/home\/?attachment_id=768\" class=\"wp-image-768\" srcset=\"https:\/\/www.centromedicoregionalmixteca.com\/home\/wp-content\/uploads\/2021\/12\/DSC_0875.jpg 1169w, https:\/\/www.centromedicoregionalmixteca.com\/home\/wp-content\/uploads\/2021\/12\/DSC_0875-980x654.jpg 980w, https:\/\/www.centromedicoregionalmixteca.com\/home\/wp-content\/uploads\/2021\/12\/DSC_0875-480x320.jpg 480w\" sizes=\"(min-width: 0px) and (max-width: 480px) 480px, (min-width: 481px) and (max-width: 980px) 980px, (min-width: 981px) 1169px, 100vw\" \/><figcaption class=\"blocks-gallery-item__caption\">Asistentes ganadores durante rifa<\/figcaption><\/figure><\/li><\/ul><\/figure>\n\n\n\n<blockquote class=\"wp-block-quote is-style-large is-layout-flow wp-block-quote-is-layout-flow\"><p>Una vez finalizado el programa del evento, se llevaron a cabo simult\u00e1neamente los Talleres dirigidos tanto a personal m\u00e9dico y de enfermer\u00eda<\/p><p><\/p><\/blockquote>\n\n\n\n<figure class=\"wp-block-gallery columns-2 is-cropped wp-block-gallery-21 is-layout-flex wp-block-gallery-is-layout-flex\"><ul class=\"blocks-gallery-grid\"><li class=\"blocks-gallery-item\"><figure><img loading=\"lazy\" decoding=\"async\" width=\"1169\" height=\"780\" src=\"https:\/\/www.centromedicoregionalmixteca.com\/home\/wp-content\/uploads\/2021\/12\/DSC_0905.jpg\" alt=\"\" data-id=\"777\" data-full-url=\"https:\/\/www.centromedicoregionalmixteca.com\/home\/wp-content\/uploads\/2021\/12\/DSC_0905.jpg\" data-link=\"https:\/\/www.centromedicoregionalmixteca.com\/home\/?attachment_id=777\" class=\"wp-image-777\" srcset=\"https:\/\/www.centromedicoregionalmixteca.com\/home\/wp-content\/uploads\/2021\/12\/DSC_0905.jpg 1169w, https:\/\/www.centromedicoregionalmixteca.com\/home\/wp-content\/uploads\/2021\/12\/DSC_0905-980x654.jpg 980w, https:\/\/www.centromedicoregionalmixteca.com\/home\/wp-content\/uploads\/2021\/12\/DSC_0905-480x320.jpg 480w\" sizes=\"(min-width: 0px) and (max-width: 480px) 480px, (min-width: 481px) and (max-width: 980px) 980px, (min-width: 981px) 1169px, 100vw\" \/><figcaption class=\"blocks-gallery-item__caption\">Taller de Enfermer\u00eda: Manejo de F\u00e1rmacos Vasoactivos en el paciente cr\u00edtico politraumatizado<\/figcaption><\/figure><\/li><li class=\"blocks-gallery-item\"><figure><img loading=\"lazy\" decoding=\"async\" width=\"1169\" height=\"780\" src=\"https:\/\/www.centromedicoregionalmixteca.com\/home\/wp-content\/uploads\/2021\/12\/DSC_0995.jpg\" alt=\"\" data-id=\"778\" data-full-url=\"https:\/\/www.centromedicoregionalmixteca.com\/home\/wp-content\/uploads\/2021\/12\/DSC_0995.jpg\" data-link=\"https:\/\/www.centromedicoregionalmixteca.com\/home\/?attachment_id=778\" class=\"wp-image-778\" srcset=\"https:\/\/www.centromedicoregionalmixteca.com\/home\/wp-content\/uploads\/2021\/12\/DSC_0995.jpg 1169w, https:\/\/www.centromedicoregionalmixteca.com\/home\/wp-content\/uploads\/2021\/12\/DSC_0995-980x654.jpg 980w, https:\/\/www.centromedicoregionalmixteca.com\/home\/wp-content\/uploads\/2021\/12\/DSC_0995-480x320.jpg 480w\" sizes=\"(min-width: 0px) and (max-width: 480px) 480px, (min-width: 481px) and (max-width: 980px) 980px, (min-width: 981px) 1169px, 100vw\" \/><figcaption class=\"blocks-gallery-item__caption\">Sal\u00f3n Versalles, sede del Taller de Enfermer\u00eda<\/figcaption><\/figure><\/li><\/ul><\/figure>\n\n\n\n<figure class=\"wp-block-gallery columns-1 is-cropped wp-block-gallery-22 is-layout-flex wp-block-gallery-is-layout-flex\"><ul class=\"blocks-gallery-grid\"><li class=\"blocks-gallery-item\"><figure><img loading=\"lazy\" decoding=\"async\" width=\"1169\" height=\"780\" src=\"https:\/\/www.centromedicoregionalmixteca.com\/home\/wp-content\/uploads\/2021\/12\/DSC_0917.jpg\" alt=\"\" data-id=\"782\" data-full-url=\"https:\/\/www.centromedicoregionalmixteca.com\/home\/wp-content\/uploads\/2021\/12\/DSC_0917.jpg\" data-link=\"https:\/\/www.centromedicoregionalmixteca.com\/home\/?attachment_id=782\" class=\"wp-image-782\" srcset=\"https:\/\/www.centromedicoregionalmixteca.com\/home\/wp-content\/uploads\/2021\/12\/DSC_0917.jpg 1169w, https:\/\/www.centromedicoregionalmixteca.com\/home\/wp-content\/uploads\/2021\/12\/DSC_0917-980x654.jpg 980w, https:\/\/www.centromedicoregionalmixteca.com\/home\/wp-content\/uploads\/2021\/12\/DSC_0917-480x320.jpg 480w\" sizes=\"(min-width: 0px) and (max-width: 480px) 480px, (min-width: 481px) and (max-width: 980px) 980px, (min-width: 981px) 1169px, 100vw\" \/><figcaption class=\"blocks-gallery-item__caption\">Introducci\u00f3n al tema principal de la ponencia<\/figcaption><\/figure><\/li><\/ul><\/figure>\n\n\n\n<figure class=\"wp-block-gallery columns-2 is-cropped wp-block-gallery-23 is-layout-flex wp-block-gallery-is-layout-flex\"><ul class=\"blocks-gallery-grid\"><li class=\"blocks-gallery-item\"><figure><img loading=\"lazy\" decoding=\"async\" width=\"1169\" height=\"780\" src=\"https:\/\/www.centromedicoregionalmixteca.com\/home\/wp-content\/uploads\/2021\/12\/DSC_0919.jpg\" alt=\"\" data-id=\"783\" data-full-url=\"https:\/\/www.centromedicoregionalmixteca.com\/home\/wp-content\/uploads\/2021\/12\/DSC_0919.jpg\" data-link=\"https:\/\/www.centromedicoregionalmixteca.com\/home\/?attachment_id=783\" class=\"wp-image-783\" srcset=\"https:\/\/www.centromedicoregionalmixteca.com\/home\/wp-content\/uploads\/2021\/12\/DSC_0919.jpg 1169w, https:\/\/www.centromedicoregionalmixteca.com\/home\/wp-content\/uploads\/2021\/12\/DSC_0919-980x654.jpg 980w, https:\/\/www.centromedicoregionalmixteca.com\/home\/wp-content\/uploads\/2021\/12\/DSC_0919-480x320.jpg 480w\" sizes=\"(min-width: 0px) and (max-width: 480px) 480px, (min-width: 481px) and (max-width: 980px) 980px, (min-width: 981px) 1169px, 100vw\" \/><figcaption class=\"blocks-gallery-item__caption\">E.E.U. Martha Berenice Gabriel Pascual de la Enf. <\/figcaption><\/figure><\/li><li class=\"blocks-gallery-item\"><figure><img loading=\"lazy\" decoding=\"async\" width=\"1169\" height=\"780\" src=\"https:\/\/www.centromedicoregionalmixteca.com\/home\/wp-content\/uploads\/2021\/12\/DSC_0964.jpg\" alt=\"\" data-id=\"785\" data-full-url=\"https:\/\/www.centromedicoregionalmixteca.com\/home\/wp-content\/uploads\/2021\/12\/DSC_0964.jpg\" data-link=\"https:\/\/www.centromedicoregionalmixteca.com\/home\/?attachment_id=785\" class=\"wp-image-785\" srcset=\"https:\/\/www.centromedicoregionalmixteca.com\/home\/wp-content\/uploads\/2021\/12\/DSC_0964.jpg 1169w, https:\/\/www.centromedicoregionalmixteca.com\/home\/wp-content\/uploads\/2021\/12\/DSC_0964-980x654.jpg 980w, https:\/\/www.centromedicoregionalmixteca.com\/home\/wp-content\/uploads\/2021\/12\/DSC_0964-480x320.jpg 480w\" sizes=\"(min-width: 0px) and (max-width: 480px) 480px, (min-width: 481px) and (max-width: 980px) 980px, (min-width: 981px) 1169px, 100vw\" \/><figcaption class=\"blocks-gallery-item__caption\">E.E.C.I. y E.E.P. Alma M\u00e9ndez Cruz<\/figcaption><\/figure><\/li><\/ul><\/figure>\n\n\n\n<figure class=\"wp-block-gallery columns-1 is-cropped wp-block-gallery-24 is-layout-flex wp-block-gallery-is-layout-flex\"><ul class=\"blocks-gallery-grid\"><li class=\"blocks-gallery-item\"><figure><img loading=\"lazy\" decoding=\"async\" width=\"1169\" height=\"780\" src=\"https:\/\/www.centromedicoregionalmixteca.com\/home\/wp-content\/uploads\/2021\/12\/DSC_0980.jpg\" alt=\"\" data-id=\"787\" data-full-url=\"https:\/\/www.centromedicoregionalmixteca.com\/home\/wp-content\/uploads\/2021\/12\/DSC_0980.jpg\" data-link=\"https:\/\/www.centromedicoregionalmixteca.com\/home\/?attachment_id=787\" class=\"wp-image-787\" srcset=\"https:\/\/www.centromedicoregionalmixteca.com\/home\/wp-content\/uploads\/2021\/12\/DSC_0980.jpg 1169w, https:\/\/www.centromedicoregionalmixteca.com\/home\/wp-content\/uploads\/2021\/12\/DSC_0980-980x654.jpg 980w, https:\/\/www.centromedicoregionalmixteca.com\/home\/wp-content\/uploads\/2021\/12\/DSC_0980-480x320.jpg 480w\" sizes=\"(min-width: 0px) and (max-width: 480px) 480px, (min-width: 481px) and (max-width: 980px) 980px, (min-width: 981px) 1169px, 100vw\" \/><figcaption class=\"blocks-gallery-item__caption\">Asistentes en modulo de taller<\/figcaption><\/figure><\/li><\/ul><\/figure>\n\n\n\n<figure class=\"wp-block-gallery columns-2 is-cropped wp-block-gallery-25 is-layout-flex wp-block-gallery-is-layout-flex\"><ul class=\"blocks-gallery-grid\"><li class=\"blocks-gallery-item\"><figure><img loading=\"lazy\" decoding=\"async\" width=\"1169\" height=\"780\" src=\"https:\/\/www.centromedicoregionalmixteca.com\/home\/wp-content\/uploads\/2021\/12\/DSC_0982.jpg\" alt=\"\" data-id=\"788\" data-full-url=\"https:\/\/www.centromedicoregionalmixteca.com\/home\/wp-content\/uploads\/2021\/12\/DSC_0982.jpg\" data-link=\"https:\/\/www.centromedicoregionalmixteca.com\/home\/?attachment_id=788\" class=\"wp-image-788\" srcset=\"https:\/\/www.centromedicoregionalmixteca.com\/home\/wp-content\/uploads\/2021\/12\/DSC_0982.jpg 1169w, https:\/\/www.centromedicoregionalmixteca.com\/home\/wp-content\/uploads\/2021\/12\/DSC_0982-980x654.jpg 980w, https:\/\/www.centromedicoregionalmixteca.com\/home\/wp-content\/uploads\/2021\/12\/DSC_0982-480x320.jpg 480w\" sizes=\"(min-width: 0px) and (max-width: 480px) 480px, (min-width: 481px) and (max-width: 980px) 980px, (min-width: 981px) 1169px, 100vw\" \/><figcaption class=\"blocks-gallery-item__caption\">Asistentes durante la parte pr\u00e1ctica del taller<\/figcaption><\/figure><\/li><li class=\"blocks-gallery-item\"><figure><img loading=\"lazy\" decoding=\"async\" width=\"1169\" height=\"780\" src=\"https:\/\/www.centromedicoregionalmixteca.com\/home\/wp-content\/uploads\/2021\/12\/DSC_0983.jpg\" alt=\"\" data-id=\"789\" data-full-url=\"https:\/\/www.centromedicoregionalmixteca.com\/home\/wp-content\/uploads\/2021\/12\/DSC_0983.jpg\" data-link=\"https:\/\/www.centromedicoregionalmixteca.com\/home\/?attachment_id=789\" class=\"wp-image-789\" srcset=\"https:\/\/www.centromedicoregionalmixteca.com\/home\/wp-content\/uploads\/2021\/12\/DSC_0983.jpg 1169w, https:\/\/www.centromedicoregionalmixteca.com\/home\/wp-content\/uploads\/2021\/12\/DSC_0983-980x654.jpg 980w, https:\/\/www.centromedicoregionalmixteca.com\/home\/wp-content\/uploads\/2021\/12\/DSC_0983-480x320.jpg 480w\" sizes=\"(min-width: 0px) and (max-width: 480px) 480px, (min-width: 481px) and (max-width: 980px) 980px, (min-width: 981px) 1169px, 100vw\" \/><figcaption class=\"blocks-gallery-item__caption\">Asistentes durante la parte pr\u00e1ctica del taller<\/figcaption><\/figure><\/li><\/ul><\/figure>\n\n\n\n<figure class=\"wp-block-gallery columns-2 is-cropped wp-block-gallery-26 is-layout-flex wp-block-gallery-is-layout-flex\"><ul class=\"blocks-gallery-grid\"><li class=\"blocks-gallery-item\"><figure><img loading=\"lazy\" decoding=\"async\" width=\"1169\" height=\"780\" src=\"https:\/\/www.centromedicoregionalmixteca.com\/home\/wp-content\/uploads\/2021\/12\/DSC_0986.jpg\" alt=\"\" data-id=\"790\" data-full-url=\"https:\/\/www.centromedicoregionalmixteca.com\/home\/wp-content\/uploads\/2021\/12\/DSC_0986.jpg\" data-link=\"https:\/\/www.centromedicoregionalmixteca.com\/home\/?attachment_id=790\" class=\"wp-image-790\" srcset=\"https:\/\/www.centromedicoregionalmixteca.com\/home\/wp-content\/uploads\/2021\/12\/DSC_0986.jpg 1169w, https:\/\/www.centromedicoregionalmixteca.com\/home\/wp-content\/uploads\/2021\/12\/DSC_0986-980x654.jpg 980w, https:\/\/www.centromedicoregionalmixteca.com\/home\/wp-content\/uploads\/2021\/12\/DSC_0986-480x320.jpg 480w\" sizes=\"(min-width: 0px) and (max-width: 480px) 480px, (min-width: 481px) and (max-width: 980px) 980px, (min-width: 981px) 1169px, 100vw\" \/><figcaption class=\"blocks-gallery-item__caption\">Asistentes durante la parte pr\u00e1ctica del taller<\/figcaption><\/figure><\/li><li class=\"blocks-gallery-item\"><figure><img loading=\"lazy\" decoding=\"async\" width=\"1169\" height=\"780\" src=\"https:\/\/www.centromedicoregionalmixteca.com\/home\/wp-content\/uploads\/2021\/12\/DSC_0990.jpg\" alt=\"\" data-id=\"791\" data-full-url=\"https:\/\/www.centromedicoregionalmixteca.com\/home\/wp-content\/uploads\/2021\/12\/DSC_0990.jpg\" data-link=\"https:\/\/www.centromedicoregionalmixteca.com\/home\/?attachment_id=791\" class=\"wp-image-791\" srcset=\"https:\/\/www.centromedicoregionalmixteca.com\/home\/wp-content\/uploads\/2021\/12\/DSC_0990.jpg 1169w, https:\/\/www.centromedicoregionalmixteca.com\/home\/wp-content\/uploads\/2021\/12\/DSC_0990-980x654.jpg 980w, https:\/\/www.centromedicoregionalmixteca.com\/home\/wp-content\/uploads\/2021\/12\/DSC_0990-480x320.jpg 480w\" sizes=\"(min-width: 0px) and (max-width: 480px) 480px, (min-width: 481px) and (max-width: 980px) 980px, (min-width: 981px) 1169px, 100vw\" \/><figcaption class=\"blocks-gallery-item__caption\">Asistentes durante la parte pr\u00e1ctica del taller<\/figcaption><\/figure><\/li><\/ul><\/figure>\n\n\n\n<blockquote class=\"wp-block-quote is-style-large is-layout-flow wp-block-quote-is-layout-flow\"><p>A continuaci\u00f3n les compartimos fotos del Taller dirigido a personal m\u00e9dico.<\/p><\/blockquote>\n\n\n\n<figure class=\"wp-block-gallery columns-1 is-cropped wp-block-gallery-27 is-layout-flex wp-block-gallery-is-layout-flex\"><ul class=\"blocks-gallery-grid\"><li class=\"blocks-gallery-item\"><figure><img loading=\"lazy\" decoding=\"async\" width=\"1169\" height=\"780\" src=\"https:\/\/www.centromedicoregionalmixteca.com\/home\/wp-content\/uploads\/2021\/12\/DSC_0955.jpg\" alt=\"\" data-id=\"792\" data-full-url=\"https:\/\/www.centromedicoregionalmixteca.com\/home\/wp-content\/uploads\/2021\/12\/DSC_0955.jpg\" data-link=\"https:\/\/www.centromedicoregionalmixteca.com\/home\/?attachment_id=792\" class=\"wp-image-792\" srcset=\"https:\/\/www.centromedicoregionalmixteca.com\/home\/wp-content\/uploads\/2021\/12\/DSC_0955.jpg 1169w, https:\/\/www.centromedicoregionalmixteca.com\/home\/wp-content\/uploads\/2021\/12\/DSC_0955-980x654.jpg 980w, https:\/\/www.centromedicoregionalmixteca.com\/home\/wp-content\/uploads\/2021\/12\/DSC_0955-480x320.jpg 480w\" sizes=\"(min-width: 0px) and (max-width: 480px) 480px, (min-width: 481px) and (max-width: 980px) 980px, (min-width: 981px) 1169px, 100vw\" \/><figcaption class=\"blocks-gallery-item__caption\">M\u00f3dulos de taller para m\u00e9dicos<\/figcaption><\/figure><\/li><\/ul><\/figure>\n\n\n\n<figure class=\"wp-block-gallery columns-2 is-cropped wp-block-gallery-28 is-layout-flex wp-block-gallery-is-layout-flex\"><ul class=\"blocks-gallery-grid\"><li class=\"blocks-gallery-item\"><figure><img loading=\"lazy\" decoding=\"async\" width=\"1169\" height=\"780\" src=\"https:\/\/www.centromedicoregionalmixteca.com\/home\/wp-content\/uploads\/2021\/12\/DSC_0927.jpg\" alt=\"\" data-id=\"793\" data-full-url=\"https:\/\/www.centromedicoregionalmixteca.com\/home\/wp-content\/uploads\/2021\/12\/DSC_0927.jpg\" data-link=\"https:\/\/www.centromedicoregionalmixteca.com\/home\/?attachment_id=793\" class=\"wp-image-793\" srcset=\"https:\/\/www.centromedicoregionalmixteca.com\/home\/wp-content\/uploads\/2021\/12\/DSC_0927.jpg 1169w, https:\/\/www.centromedicoregionalmixteca.com\/home\/wp-content\/uploads\/2021\/12\/DSC_0927-980x654.jpg 980w, https:\/\/www.centromedicoregionalmixteca.com\/home\/wp-content\/uploads\/2021\/12\/DSC_0927-480x320.jpg 480w\" sizes=\"(min-width: 0px) and (max-width: 480px) 480px, (min-width: 481px) and (max-width: 980px) 980px, (min-width: 981px) 1169px, 100vw\" \/><figcaption class=\"blocks-gallery-item__caption\">M\u00f3dulo: Traumatismo raquimedular \/ Dr. Lucio Mart\u00ednez L\u00f3pez<\/figcaption><\/figure><\/li><li class=\"blocks-gallery-item\"><figure><img loading=\"lazy\" decoding=\"async\" width=\"1169\" height=\"780\" src=\"https:\/\/www.centromedicoregionalmixteca.com\/home\/wp-content\/uploads\/2021\/12\/DSC_0930.jpg\" alt=\"\" data-id=\"794\" data-full-url=\"https:\/\/www.centromedicoregionalmixteca.com\/home\/wp-content\/uploads\/2021\/12\/DSC_0930.jpg\" data-link=\"https:\/\/www.centromedicoregionalmixteca.com\/home\/?attachment_id=794\" class=\"wp-image-794\" srcset=\"https:\/\/www.centromedicoregionalmixteca.com\/home\/wp-content\/uploads\/2021\/12\/DSC_0930.jpg 1169w, https:\/\/www.centromedicoregionalmixteca.com\/home\/wp-content\/uploads\/2021\/12\/DSC_0930-980x654.jpg 980w, https:\/\/www.centromedicoregionalmixteca.com\/home\/wp-content\/uploads\/2021\/12\/DSC_0930-480x320.jpg 480w\" sizes=\"(min-width: 0px) and (max-width: 480px) 480px, (min-width: 481px) and (max-width: 980px) 980px, (min-width: 981px) 1169px, 100vw\" \/><figcaption class=\"blocks-gallery-item__caption\">M\u00f3dulo: Manejo de v\u00eda a\u00e9rea y ventilaci\u00f3n \/ Dra. Lucero Rodr\u00edguez Vel\u00e1squez<\/figcaption><\/figure><\/li><\/ul><\/figure>\n\n\n\n<figure class=\"wp-block-gallery columns-2 is-cropped wp-block-gallery-29 is-layout-flex wp-block-gallery-is-layout-flex\"><ul class=\"blocks-gallery-grid\"><li class=\"blocks-gallery-item\"><figure><img loading=\"lazy\" decoding=\"async\" width=\"1169\" height=\"780\" src=\"https:\/\/www.centromedicoregionalmixteca.com\/home\/wp-content\/uploads\/2021\/12\/DSC_0935.jpg\" alt=\"\" data-id=\"795\" data-full-url=\"https:\/\/www.centromedicoregionalmixteca.com\/home\/wp-content\/uploads\/2021\/12\/DSC_0935.jpg\" data-link=\"https:\/\/www.centromedicoregionalmixteca.com\/home\/?attachment_id=795\" class=\"wp-image-795\" srcset=\"https:\/\/www.centromedicoregionalmixteca.com\/home\/wp-content\/uploads\/2021\/12\/DSC_0935.jpg 1169w, https:\/\/www.centromedicoregionalmixteca.com\/home\/wp-content\/uploads\/2021\/12\/DSC_0935-980x654.jpg 980w, https:\/\/www.centromedicoregionalmixteca.com\/home\/wp-content\/uploads\/2021\/12\/DSC_0935-480x320.jpg 480w\" sizes=\"(min-width: 0px) and (max-width: 480px) 480px, (min-width: 481px) and (max-width: 980px) 980px, (min-width: 981px) 1169px, 100vw\" \/><figcaption class=\"blocks-gallery-item__caption\">M\u00f3dulo: Traumatismo craneoencef\u00e1lico \/ Dr. Artemio P\u00e9rez Barbosa<\/figcaption><\/figure><\/li><li class=\"blocks-gallery-item\"><figure><img loading=\"lazy\" decoding=\"async\" width=\"1169\" height=\"780\" src=\"https:\/\/www.centromedicoregionalmixteca.com\/home\/wp-content\/uploads\/2021\/12\/DSC_0943.jpg\" alt=\"\" data-id=\"796\" data-full-url=\"https:\/\/www.centromedicoregionalmixteca.com\/home\/wp-content\/uploads\/2021\/12\/DSC_0943.jpg\" data-link=\"https:\/\/www.centromedicoregionalmixteca.com\/home\/?attachment_id=796\" class=\"wp-image-796\" srcset=\"https:\/\/www.centromedicoregionalmixteca.com\/home\/wp-content\/uploads\/2021\/12\/DSC_0943.jpg 1169w, https:\/\/www.centromedicoregionalmixteca.com\/home\/wp-content\/uploads\/2021\/12\/DSC_0943-980x654.jpg 980w, https:\/\/www.centromedicoregionalmixteca.com\/home\/wp-content\/uploads\/2021\/12\/DSC_0943-480x320.jpg 480w\" sizes=\"(min-width: 0px) and (max-width: 480px) 480px, (min-width: 481px) and (max-width: 980px) 980px, (min-width: 981px) 1169px, 100vw\" \/><figcaption class=\"blocks-gallery-item__caption\">M\u00f3dulo: Evaluaci\u00f3n y manejo inicial \/ Dr. Miguel \u00c1ngel Ordu\u00f1a Alor<\/figcaption><\/figure><\/li><\/ul><\/figure>\n\n\n\n<figure class=\"wp-block-gallery columns-1 is-cropped wp-block-gallery-30 is-layout-flex wp-block-gallery-is-layout-flex\"><ul class=\"blocks-gallery-grid\"><li class=\"blocks-gallery-item\"><figure><img loading=\"lazy\" decoding=\"async\" width=\"1169\" height=\"780\" src=\"https:\/\/www.centromedicoregionalmixteca.com\/home\/wp-content\/uploads\/2021\/12\/DSC_0938.jpg\" alt=\"\" data-id=\"797\" data-full-url=\"https:\/\/www.centromedicoregionalmixteca.com\/home\/wp-content\/uploads\/2021\/12\/DSC_0938.jpg\" data-link=\"https:\/\/www.centromedicoregionalmixteca.com\/home\/?attachment_id=797\" class=\"wp-image-797\" srcset=\"https:\/\/www.centromedicoregionalmixteca.com\/home\/wp-content\/uploads\/2021\/12\/DSC_0938.jpg 1169w, https:\/\/www.centromedicoregionalmixteca.com\/home\/wp-content\/uploads\/2021\/12\/DSC_0938-980x654.jpg 980w, https:\/\/www.centromedicoregionalmixteca.com\/home\/wp-content\/uploads\/2021\/12\/DSC_0938-480x320.jpg 480w\" sizes=\"(min-width: 0px) and (max-width: 480px) 480px, (min-width: 481px) and (max-width: 980px) 980px, (min-width: 981px) 1169px, 100vw\" \/><figcaption class=\"blocks-gallery-item__caption\">Material del m\u00f3dulo de traumatismo craneoencef\u00e1lico<\/figcaption><\/figure><\/li><\/ul><\/figure>\n\n\n\n<figure class=\"wp-block-gallery columns-1 is-cropped wp-block-gallery-31 is-layout-flex wp-block-gallery-is-layout-flex\"><ul class=\"blocks-gallery-grid\"><li class=\"blocks-gallery-item\"><figure><img loading=\"lazy\" decoding=\"async\" width=\"1169\" height=\"780\" src=\"https:\/\/www.centromedicoregionalmixteca.com\/home\/wp-content\/uploads\/2021\/12\/DSC_0939.jpg\" alt=\"\" data-id=\"798\" data-full-url=\"https:\/\/www.centromedicoregionalmixteca.com\/home\/wp-content\/uploads\/2021\/12\/DSC_0939.jpg\" data-link=\"https:\/\/www.centromedicoregionalmixteca.com\/home\/?attachment_id=798\" class=\"wp-image-798\" srcset=\"https:\/\/www.centromedicoregionalmixteca.com\/home\/wp-content\/uploads\/2021\/12\/DSC_0939.jpg 1169w, https:\/\/www.centromedicoregionalmixteca.com\/home\/wp-content\/uploads\/2021\/12\/DSC_0939-980x654.jpg 980w, https:\/\/www.centromedicoregionalmixteca.com\/home\/wp-content\/uploads\/2021\/12\/DSC_0939-480x320.jpg 480w\" sizes=\"(min-width: 0px) and (max-width: 480px) 480px, (min-width: 481px) and (max-width: 980px) 980px, (min-width: 981px) 1169px, 100vw\" \/><figcaption class=\"blocks-gallery-item__caption\">Pr\u00e1cticando en m\u00f3dulo de manejo de v\u00eda a\u00e9rea y ventilaci\u00f3n<\/figcaption><\/figure><\/li><\/ul><\/figure>\n\n\n\n<figure class=\"wp-block-gallery columns-2 is-cropped wp-block-gallery-32 is-layout-flex wp-block-gallery-is-layout-flex\"><ul class=\"blocks-gallery-grid\"><li class=\"blocks-gallery-item\"><figure><img loading=\"lazy\" decoding=\"async\" width=\"780\" height=\"1169\" src=\"https:\/\/www.centromedicoregionalmixteca.com\/home\/wp-content\/uploads\/2021\/12\/DSC_0944.jpg\" alt=\"\" data-id=\"799\" data-full-url=\"https:\/\/www.centromedicoregionalmixteca.com\/home\/wp-content\/uploads\/2021\/12\/DSC_0944.jpg\" data-link=\"https:\/\/www.centromedicoregionalmixteca.com\/home\/?attachment_id=799\" class=\"wp-image-799\" srcset=\"https:\/\/www.centromedicoregionalmixteca.com\/home\/wp-content\/uploads\/2021\/12\/DSC_0944.jpg 780w, https:\/\/www.centromedicoregionalmixteca.com\/home\/wp-content\/uploads\/2021\/12\/DSC_0944-480x719.jpg 480w\" sizes=\"(min-width: 0px) and (max-width: 480px) 480px, (min-width: 481px) 780px, 100vw\" \/><figcaption class=\"blocks-gallery-item__caption\">Pr\u00e1ctica en m\u00f3dulo de evaluaci\u00f3n y manejo inicial<\/figcaption><\/figure><\/li><li class=\"blocks-gallery-item\"><figure><img loading=\"lazy\" decoding=\"async\" width=\"1169\" height=\"780\" src=\"https:\/\/www.centromedicoregionalmixteca.com\/home\/wp-content\/uploads\/2021\/12\/DSC_0945.jpg\" alt=\"\" data-id=\"800\" data-full-url=\"https:\/\/www.centromedicoregionalmixteca.com\/home\/wp-content\/uploads\/2021\/12\/DSC_0945.jpg\" data-link=\"https:\/\/www.centromedicoregionalmixteca.com\/home\/?attachment_id=800\" class=\"wp-image-800\" srcset=\"https:\/\/www.centromedicoregionalmixteca.com\/home\/wp-content\/uploads\/2021\/12\/DSC_0945.jpg 1169w, https:\/\/www.centromedicoregionalmixteca.com\/home\/wp-content\/uploads\/2021\/12\/DSC_0945-980x654.jpg 980w, https:\/\/www.centromedicoregionalmixteca.com\/home\/wp-content\/uploads\/2021\/12\/DSC_0945-480x320.jpg 480w\" sizes=\"(min-width: 0px) and (max-width: 480px) 480px, (min-width: 481px) and (max-width: 980px) 980px, (min-width: 981px) 1169px, 100vw\" \/><figcaption class=\"blocks-gallery-item__caption\">Pr\u00e1ctica en m\u00f3dulo de evaluaci\u00f3n y manejo inicial<\/figcaption><\/figure><\/li><\/ul><\/figure>\n\n\n\n<figure class=\"wp-block-gallery columns-2 is-cropped wp-block-gallery-33 is-layout-flex wp-block-gallery-is-layout-flex\"><ul class=\"blocks-gallery-grid\"><li class=\"blocks-gallery-item\"><figure><img loading=\"lazy\" decoding=\"async\" width=\"780\" height=\"1169\" src=\"https:\/\/www.centromedicoregionalmixteca.com\/home\/wp-content\/uploads\/2021\/12\/DSC_0948.jpg\" alt=\"\" data-id=\"801\" data-full-url=\"https:\/\/www.centromedicoregionalmixteca.com\/home\/wp-content\/uploads\/2021\/12\/DSC_0948.jpg\" data-link=\"https:\/\/www.centromedicoregionalmixteca.com\/home\/?attachment_id=801\" class=\"wp-image-801\" srcset=\"https:\/\/www.centromedicoregionalmixteca.com\/home\/wp-content\/uploads\/2021\/12\/DSC_0948.jpg 780w, https:\/\/www.centromedicoregionalmixteca.com\/home\/wp-content\/uploads\/2021\/12\/DSC_0948-480x719.jpg 480w\" sizes=\"(min-width: 0px) and (max-width: 480px) 480px, (min-width: 481px) 780px, 100vw\" \/><figcaption class=\"blocks-gallery-item__caption\">Presentaci\u00f3n te\u00f3rica en m\u00f3dulo de traumatismo craneoencef\u00e1lico<\/figcaption><\/figure><\/li><li class=\"blocks-gallery-item\"><figure><img loading=\"lazy\" decoding=\"async\" width=\"1169\" height=\"780\" src=\"https:\/\/www.centromedicoregionalmixteca.com\/home\/wp-content\/uploads\/2021\/12\/DSC_0949.jpg\" alt=\"\" data-id=\"802\" data-full-url=\"https:\/\/www.centromedicoregionalmixteca.com\/home\/wp-content\/uploads\/2021\/12\/DSC_0949.jpg\" data-link=\"https:\/\/www.centromedicoregionalmixteca.com\/home\/?attachment_id=802\" class=\"wp-image-802\" srcset=\"https:\/\/www.centromedicoregionalmixteca.com\/home\/wp-content\/uploads\/2021\/12\/DSC_0949.jpg 1169w, https:\/\/www.centromedicoregionalmixteca.com\/home\/wp-content\/uploads\/2021\/12\/DSC_0949-980x654.jpg 980w, https:\/\/www.centromedicoregionalmixteca.com\/home\/wp-content\/uploads\/2021\/12\/DSC_0949-480x320.jpg 480w\" sizes=\"(min-width: 0px) and (max-width: 480px) 480px, (min-width: 481px) and (max-width: 980px) 980px, (min-width: 981px) 1169px, 100vw\" \/><figcaption class=\"blocks-gallery-item__caption\">Presentaci\u00f3n te\u00f3rica en m\u00f3dulo de traumatismo craneoencef\u00e1lico<\/figcaption><\/figure><\/li><\/ul><\/figure>\n\n\n\n<figure class=\"wp-block-gallery columns-1 is-cropped wp-block-gallery-34 is-layout-flex wp-block-gallery-is-layout-flex\"><ul class=\"blocks-gallery-grid\"><li class=\"blocks-gallery-item\"><figure><img loading=\"lazy\" decoding=\"async\" width=\"1169\" height=\"780\" src=\"https:\/\/www.centromedicoregionalmixteca.com\/home\/wp-content\/uploads\/2021\/12\/DSC_0952.jpg\" alt=\"\" data-id=\"804\" data-full-url=\"https:\/\/www.centromedicoregionalmixteca.com\/home\/wp-content\/uploads\/2021\/12\/DSC_0952.jpg\" data-link=\"https:\/\/www.centromedicoregionalmixteca.com\/home\/?attachment_id=804\" class=\"wp-image-804\" srcset=\"https:\/\/www.centromedicoregionalmixteca.com\/home\/wp-content\/uploads\/2021\/12\/DSC_0952.jpg 1169w, https:\/\/www.centromedicoregionalmixteca.com\/home\/wp-content\/uploads\/2021\/12\/DSC_0952-980x654.jpg 980w, https:\/\/www.centromedicoregionalmixteca.com\/home\/wp-content\/uploads\/2021\/12\/DSC_0952-480x320.jpg 480w\" sizes=\"(min-width: 0px) and (max-width: 480px) 480px, (min-width: 481px) and (max-width: 980px) 980px, (min-width: 981px) 1169px, 100vw\" \/><figcaption class=\"blocks-gallery-item__caption\">Pr\u00e1ctica en m\u00f3dulo de v\u00eda a\u00e9rea y ventilaci\u00f3n<\/figcaption><\/figure><\/li><\/ul><\/figure>\n\n\n\n<figure class=\"wp-block-gallery columns-2 is-cropped wp-block-gallery-35 is-layout-flex wp-block-gallery-is-layout-flex\"><ul class=\"blocks-gallery-grid\"><li class=\"blocks-gallery-item\"><figure><img loading=\"lazy\" decoding=\"async\" width=\"1169\" height=\"780\" src=\"https:\/\/www.centromedicoregionalmixteca.com\/home\/wp-content\/uploads\/2021\/12\/DSC_0953.jpg\" alt=\"\" data-id=\"805\" data-full-url=\"https:\/\/www.centromedicoregionalmixteca.com\/home\/wp-content\/uploads\/2021\/12\/DSC_0953.jpg\" data-link=\"https:\/\/www.centromedicoregionalmixteca.com\/home\/?attachment_id=805\" class=\"wp-image-805\" srcset=\"https:\/\/www.centromedicoregionalmixteca.com\/home\/wp-content\/uploads\/2021\/12\/DSC_0953.jpg 1169w, https:\/\/www.centromedicoregionalmixteca.com\/home\/wp-content\/uploads\/2021\/12\/DSC_0953-980x654.jpg 980w, https:\/\/www.centromedicoregionalmixteca.com\/home\/wp-content\/uploads\/2021\/12\/DSC_0953-480x320.jpg 480w\" sizes=\"(min-width: 0px) and (max-width: 480px) 480px, (min-width: 481px) and (max-width: 980px) 980px, (min-width: 981px) 1169px, 100vw\" \/><figcaption class=\"blocks-gallery-item__caption\"> Pr\u00e1ctica en m\u00f3dulo de traumatismo raquimedular <\/figcaption><\/figure><\/li><li class=\"blocks-gallery-item\"><figure><img loading=\"lazy\" decoding=\"async\" width=\"1169\" height=\"780\" src=\"https:\/\/www.centromedicoregionalmixteca.com\/home\/wp-content\/uploads\/2021\/12\/DSC_0996.jpg\" alt=\"\" data-id=\"806\" data-full-url=\"https:\/\/www.centromedicoregionalmixteca.com\/home\/wp-content\/uploads\/2021\/12\/DSC_0996.jpg\" data-link=\"https:\/\/www.centromedicoregionalmixteca.com\/home\/?attachment_id=806\" class=\"wp-image-806\" srcset=\"https:\/\/www.centromedicoregionalmixteca.com\/home\/wp-content\/uploads\/2021\/12\/DSC_0996.jpg 1169w, https:\/\/www.centromedicoregionalmixteca.com\/home\/wp-content\/uploads\/2021\/12\/DSC_0996-980x654.jpg 980w, https:\/\/www.centromedicoregionalmixteca.com\/home\/wp-content\/uploads\/2021\/12\/DSC_0996-480x320.jpg 480w\" sizes=\"(min-width: 0px) and (max-width: 480px) 480px, (min-width: 481px) and (max-width: 980px) 980px, (min-width: 981px) 1169px, 100vw\" \/><figcaption class=\"blocks-gallery-item__caption\"> Pr\u00e1ctica en m\u00f3dulo de traumatismo raquimedular <\/figcaption><\/figure><\/li><\/ul><\/figure>\n\n\n\n<figure class=\"wp-block-gallery columns-1 is-cropped wp-block-gallery-36 is-layout-flex wp-block-gallery-is-layout-flex\"><ul class=\"blocks-gallery-grid\"><li class=\"blocks-gallery-item\"><figure><img loading=\"lazy\" decoding=\"async\" width=\"1169\" height=\"780\" src=\"https:\/\/www.centromedicoregionalmixteca.com\/home\/wp-content\/uploads\/2021\/12\/DSC_0997.jpg\" alt=\"\" data-id=\"807\" data-full-url=\"https:\/\/www.centromedicoregionalmixteca.com\/home\/wp-content\/uploads\/2021\/12\/DSC_0997.jpg\" data-link=\"https:\/\/www.centromedicoregionalmixteca.com\/home\/?attachment_id=807\" class=\"wp-image-807\" srcset=\"https:\/\/www.centromedicoregionalmixteca.com\/home\/wp-content\/uploads\/2021\/12\/DSC_0997.jpg 1169w, https:\/\/www.centromedicoregionalmixteca.com\/home\/wp-content\/uploads\/2021\/12\/DSC_0997-980x654.jpg 980w, https:\/\/www.centromedicoregionalmixteca.com\/home\/wp-content\/uploads\/2021\/12\/DSC_0997-480x320.jpg 480w\" sizes=\"(min-width: 0px) and (max-width: 480px) 480px, (min-width: 481px) and (max-width: 980px) 980px, (min-width: 981px) 1169px, 100vw\" \/><figcaption class=\"blocks-gallery-item__caption\">Pr\u00e1ctica en m\u00f3dulo de traumatismo raquimedular<\/figcaption><\/figure><\/li><\/ul><\/figure>\n\n\n\n<figure class=\"wp-block-gallery columns-1 is-cropped wp-block-gallery-37 is-layout-flex wp-block-gallery-is-layout-flex\"><ul class=\"blocks-gallery-grid\"><li class=\"blocks-gallery-item\"><figure><img loading=\"lazy\" decoding=\"async\" width=\"1169\" height=\"780\" src=\"https:\/\/www.centromedicoregionalmixteca.com\/home\/wp-content\/uploads\/2021\/12\/DSC_0999.jpg\" alt=\"\" data-id=\"808\" data-full-url=\"https:\/\/www.centromedicoregionalmixteca.com\/home\/wp-content\/uploads\/2021\/12\/DSC_0999.jpg\" data-link=\"https:\/\/www.centromedicoregionalmixteca.com\/home\/?attachment_id=808\" class=\"wp-image-808\" srcset=\"https:\/\/www.centromedicoregionalmixteca.com\/home\/wp-content\/uploads\/2021\/12\/DSC_0999.jpg 1169w, https:\/\/www.centromedicoregionalmixteca.com\/home\/wp-content\/uploads\/2021\/12\/DSC_0999-980x654.jpg 980w, https:\/\/www.centromedicoregionalmixteca.com\/home\/wp-content\/uploads\/2021\/12\/DSC_0999-480x320.jpg 480w\" sizes=\"(min-width: 0px) and (max-width: 480px) 480px, (min-width: 481px) and (max-width: 980px) 980px, (min-width: 981px) 1169px, 100vw\" \/><figcaption class=\"blocks-gallery-item__caption\">Pr\u00e1ctica en m\u00f3dulo de evaluaci\u00f3n y manejo inicial<\/figcaption><\/figure><\/li><\/ul><\/figure>\n\n\n\n<figure class=\"wp-block-gallery columns-2 is-cropped wp-block-gallery-38 is-layout-flex wp-block-gallery-is-layout-flex\"><ul class=\"blocks-gallery-grid\"><li class=\"blocks-gallery-item\"><figure><img loading=\"lazy\" decoding=\"async\" width=\"1169\" height=\"780\" src=\"https:\/\/www.centromedicoregionalmixteca.com\/home\/wp-content\/uploads\/2021\/12\/DSC_1009.jpg\" alt=\"\" data-id=\"809\" data-full-url=\"https:\/\/www.centromedicoregionalmixteca.com\/home\/wp-content\/uploads\/2021\/12\/DSC_1009.jpg\" data-link=\"https:\/\/www.centromedicoregionalmixteca.com\/home\/?attachment_id=809\" class=\"wp-image-809\" srcset=\"https:\/\/www.centromedicoregionalmixteca.com\/home\/wp-content\/uploads\/2021\/12\/DSC_1009.jpg 1169w, https:\/\/www.centromedicoregionalmixteca.com\/home\/wp-content\/uploads\/2021\/12\/DSC_1009-980x654.jpg 980w, https:\/\/www.centromedicoregionalmixteca.com\/home\/wp-content\/uploads\/2021\/12\/DSC_1009-480x320.jpg 480w\" sizes=\"(min-width: 0px) and (max-width: 480px) 480px, (min-width: 481px) and (max-width: 980px) 980px, (min-width: 981px) 1169px, 100vw\" \/><figcaption class=\"blocks-gallery-item__caption\">Taller de traumatismo craneoencef\u00e1lico<\/figcaption><\/figure><\/li><li class=\"blocks-gallery-item\"><figure><img loading=\"lazy\" decoding=\"async\" width=\"1169\" height=\"780\" src=\"https:\/\/www.centromedicoregionalmixteca.com\/home\/wp-content\/uploads\/2021\/12\/DSC_1010.jpg\" alt=\"\" data-id=\"810\" data-full-url=\"https:\/\/www.centromedicoregionalmixteca.com\/home\/wp-content\/uploads\/2021\/12\/DSC_1010.jpg\" data-link=\"https:\/\/www.centromedicoregionalmixteca.com\/home\/?attachment_id=810\" class=\"wp-image-810\" srcset=\"https:\/\/www.centromedicoregionalmixteca.com\/home\/wp-content\/uploads\/2021\/12\/DSC_1010.jpg 1169w, https:\/\/www.centromedicoregionalmixteca.com\/home\/wp-content\/uploads\/2021\/12\/DSC_1010-980x654.jpg 980w, https:\/\/www.centromedicoregionalmixteca.com\/home\/wp-content\/uploads\/2021\/12\/DSC_1010-480x320.jpg 480w\" sizes=\"(min-width: 0px) and (max-width: 480px) 480px, (min-width: 481px) and (max-width: 980px) 980px, (min-width: 981px) 1169px, 100vw\" \/><figcaption class=\"blocks-gallery-item__caption\">Taller de v\u00eda a\u00e9rea y ventilaci\u00f3n<\/figcaption><\/figure><\/li><\/ul><\/figure>\n\n\n\n<figure class=\"wp-block-gallery columns-2 is-cropped wp-block-gallery-39 is-layout-flex wp-block-gallery-is-layout-flex\"><ul class=\"blocks-gallery-grid\"><li class=\"blocks-gallery-item\"><figure><img loading=\"lazy\" decoding=\"async\" width=\"1169\" height=\"780\" src=\"https:\/\/www.centromedicoregionalmixteca.com\/home\/wp-content\/uploads\/2021\/12\/DSC_1011.jpg\" alt=\"\" data-id=\"811\" data-full-url=\"https:\/\/www.centromedicoregionalmixteca.com\/home\/wp-content\/uploads\/2021\/12\/DSC_1011.jpg\" data-link=\"https:\/\/www.centromedicoregionalmixteca.com\/home\/?attachment_id=811\" class=\"wp-image-811\" srcset=\"https:\/\/www.centromedicoregionalmixteca.com\/home\/wp-content\/uploads\/2021\/12\/DSC_1011.jpg 1169w, https:\/\/www.centromedicoregionalmixteca.com\/home\/wp-content\/uploads\/2021\/12\/DSC_1011-980x654.jpg 980w, https:\/\/www.centromedicoregionalmixteca.com\/home\/wp-content\/uploads\/2021\/12\/DSC_1011-480x320.jpg 480w\" sizes=\"(min-width: 0px) and (max-width: 480px) 480px, (min-width: 481px) and (max-width: 980px) 980px, (min-width: 981px) 1169px, 100vw\" \/><figcaption class=\"blocks-gallery-item__caption\">Taller de evaluaci\u00f3n y manejo inicial<\/figcaption><\/figure><\/li><li class=\"blocks-gallery-item\"><figure><img loading=\"lazy\" decoding=\"async\" width=\"1169\" height=\"780\" src=\"https:\/\/www.centromedicoregionalmixteca.com\/home\/wp-content\/uploads\/2021\/12\/DSC_1012.jpg\" alt=\"\" data-id=\"812\" data-full-url=\"https:\/\/www.centromedicoregionalmixteca.com\/home\/wp-content\/uploads\/2021\/12\/DSC_1012.jpg\" data-link=\"https:\/\/www.centromedicoregionalmixteca.com\/home\/?attachment_id=812\" class=\"wp-image-812\" srcset=\"https:\/\/www.centromedicoregionalmixteca.com\/home\/wp-content\/uploads\/2021\/12\/DSC_1012.jpg 1169w, https:\/\/www.centromedicoregionalmixteca.com\/home\/wp-content\/uploads\/2021\/12\/DSC_1012-980x654.jpg 980w, https:\/\/www.centromedicoregionalmixteca.com\/home\/wp-content\/uploads\/2021\/12\/DSC_1012-480x320.jpg 480w\" sizes=\"(min-width: 0px) and (max-width: 480px) 480px, (min-width: 481px) and (max-width: 980px) 980px, (min-width: 981px) 1169px, 100vw\" \/><figcaption class=\"blocks-gallery-item__caption\">Taller de traumatismo raquimedular<\/figcaption><\/figure><\/li><\/ul><\/figure>\n","protected":false},"excerpt":{"rendered":"<p>El Centro M\u00e9dico Regional de la Mixteca se visti\u00f3 de gala en el evento \u201cPrincipios B\u00e1sicos C\u00f3digo Trauma\u201d que se llev\u00f3 a cabo el pasado s\u00e1bado 4 de diciembre en el Gran Sal\u00f3n del Hotel Garc\u00eda Peral, en Huajuapan de Le\u00f3n, Oaxaca. Dicho evento fue la conmemoraci\u00f3n del 36vo. Aniversario de la cl\u00ednica, que simboliza [&hellip;]<\/p>\n","protected":false},"author":3,"featured_media":721,"comment_status":"open","ping_status":"open","sticky":false,"template":"","format":"standard","meta":{"_et_pb_use_builder":"","_et_pb_old_content":"","_et_gb_content_width":"","footnotes":""},"categories":[13],"tags":[19,14,65,63,23,69],"class_list":["post-720","post","type-post","status-publish","format-standard","has-post-thumbnail","hentry","category-evento-academico","tag-centromedico","tag-evento","tag-hotel","tag-talleres","tag-traumatismo","tag-virtual"],"_links":{"self":[{"href":"https:\/\/www.centromedicoregionalmixteca.com\/home\/wp-json\/wp\/v2\/posts\/720","targetHints":{"allow":["GET"]}}],"collection":[{"href":"https:\/\/www.centromedicoregionalmixteca.com\/home\/wp-json\/wp\/v2\/posts"}],"about":[{"href":"https:\/\/www.centromedicoregionalmixteca.com\/home\/wp-json\/wp\/v2\/types\/post"}],"author":[{"embeddable":true,"href":"https:\/\/www.centromedicoregionalmixteca.com\/home\/wp-json\/wp\/v2\/users\/3"}],"replies":[{"embeddable":true,"href":"https:\/\/www.centromedicoregionalmixteca.com\/home\/wp-json\/wp\/v2\/comments?post=720"}],"version-history":[{"count":3,"href":"https:\/\/www.centromedicoregionalmixteca.com\/home\/wp-json\/wp\/v2\/posts\/720\/revisions"}],"predecessor-version":[{"id":815,"href":"https:\/\/www.centromedicoregionalmixteca.com\/home\/wp-json\/wp\/v2\/posts\/720\/revisions\/815"}],"wp:featuredmedia":[{"embeddable":true,"href":"https:\/\/www.centromedicoregionalmixteca.com\/home\/wp-json\/wp\/v2\/media\/721"}],"wp:attachment":[{"href":"https:\/\/www.centromedicoregionalmixteca.com\/home\/wp-json\/wp\/v2\/media?parent=720"}],"wp:term":[{"taxonomy":"category","embeddable":true,"href":"https:\/\/www.centromedicoregionalmixteca.com\/home\/wp-json\/wp\/v2\/categories?post=720"},{"taxonomy":"post_tag","embeddable":true,"href":"https:\/\/www.centromedicoregionalmixteca.com\/home\/wp-json\/wp\/v2\/tags?post=720"}],"curies":[{"name":"wp","href":"https:\/\/api.w.org\/{rel}","templated":true}]}}