{"id":863,"date":"2022-01-31T20:49:47","date_gmt":"2022-02-01T02:49:47","guid":{"rendered":"https:\/\/www.centromedicoregionalmixteca.com\/home\/?p=863"},"modified":"2022-01-31T20:49:49","modified_gmt":"2022-02-01T02:49:49","slug":"sesion-medica-actualidades-en-el-manejo-farmacologico-de-la-diabetes","status":"publish","type":"post","link":"https:\/\/www.centromedicoregionalmixteca.com\/home\/sesion-medica\/sesion-medica-actualidades-en-el-manejo-farmacologico-de-la-diabetes\/","title":{"rendered":"Sesi\u00f3n M\u00e9dica: Actualidades en el manejo farmacol\u00f3gico de la diabetes"},"content":{"rendered":"\n<p class=\"has-normal-font-size wp-block-paragraph\">El Centro M\u00e9dico Regional de la Mixteca se complace en invitarles a la pr\u00f3xima Sesi\u00f3n Acad\u00e9mica, cuyo tema es \u201cActualidades en el manejo farmacol\u00f3gico de la diabetes\u201d, a cargo de la Dra. Lucero Rodr\u00edguez Vel\u00e1squez, M\u00e9dico Internista y Educadora en Diabetes, quien brinda consulta especializada en nuestra cl\u00ednica, quien, a su vez, ha impartido diversas Conferencias y Talleres. Dicho evento es dirigido a todo el personal m\u00e9dico, de enfermer\u00eda, profesionales de la salud, y todos aquellos interesados en conocer m\u00e1s acerca de este tema tan importante, que, a su vez, la diabetes representa una de las enfermedades que cada a\u00f1o va en alza, afectando as\u00ed a nuestra poblaci\u00f3n. Sin duda, la educaci\u00f3n y actualizaci\u00f3n respecto a dicho tema, representa un instrumento importante para manejar y tratar mejor la enfermedad. La sesi\u00f3n se efectuar\u00e1 el viernes 4 de febrero de 2022, a las 20:00 Hrs., en el Sal\u00f3n Versalles, del Hotel Garc\u00eda Peral, en Huajuapan de Le\u00f3n, Oaxaca.<\/p>\n\n\n\n<p class=\"wp-block-paragraph\"><\/p>\n\n\n\n<blockquote class=\"wp-block-quote is-style-large is-layout-flow wp-block-quote-is-layout-flow\"><p>Les compartimos el cartel oficial del evento. <\/p><\/blockquote>\n\n\n\n<figure class=\"wp-block-image size-full\"><img loading=\"lazy\" decoding=\"async\" width=\"1707\" height=\"2560\" src=\"https:\/\/www.centromedicoregionalmixteca.com\/home\/wp-content\/uploads\/2022\/01\/poster-sesion-4-feb-2022-01-scaled.jpg\" alt=\"\" class=\"wp-image-864\" srcset=\"https:\/\/www.centromedicoregionalmixteca.com\/home\/wp-content\/uploads\/2022\/01\/poster-sesion-4-feb-2022-01-scaled.jpg 1707w, https:\/\/www.centromedicoregionalmixteca.com\/home\/wp-content\/uploads\/2022\/01\/poster-sesion-4-feb-2022-01-1280x1920.jpg 1280w, https:\/\/www.centromedicoregionalmixteca.com\/home\/wp-content\/uploads\/2022\/01\/poster-sesion-4-feb-2022-01-980x1470.jpg 980w, https:\/\/www.centromedicoregionalmixteca.com\/home\/wp-content\/uploads\/2022\/01\/poster-sesion-4-feb-2022-01-480x720.jpg 480w\" sizes=\"(min-width: 0px) and (max-width: 480px) 480px, (min-width: 481px) and (max-width: 980px) 980px, (min-width: 981px) and (max-width: 1280px) 1280px, (min-width: 1281px) 1707px, 100vw\" \/><\/figure>\n","protected":false},"excerpt":{"rendered":"<p>El Centro M\u00e9dico Regional de la Mixteca se complace en invitarles a la pr\u00f3xima Sesi\u00f3n Acad\u00e9mica, cuyo tema es \u201cActualidades en el manejo farmacol\u00f3gico de la diabetes\u201d, a cargo de la Dra. Lucero Rodr\u00edguez Vel\u00e1squez, M\u00e9dico Internista y Educadora en Diabetes, quien brinda consulta especializada en nuestra cl\u00ednica, quien, a su vez, ha impartido diversas [&hellip;]<\/p>\n","protected":false},"author":3,"featured_media":867,"comment_status":"open","ping_status":"open","sticky":false,"template":"","format":"standard","meta":{"_et_pb_use_builder":"","_et_pb_old_content":"","_et_gb_content_width":"","footnotes":""},"categories":[11],"tags":[15,16,80,76,79,35],"class_list":["post-863","post","type-post","status-publish","format-standard","has-post-thumbnail","hentry","category-sesion-medica","tag-academico","tag-diabetes","tag-farmacologico","tag-hospital","tag-manejo","tag-sesion"],"_links":{"self":[{"href":"https:\/\/www.centromedicoregionalmixteca.com\/home\/wp-json\/wp\/v2\/posts\/863","targetHints":{"allow":["GET"]}}],"collection":[{"href":"https:\/\/www.centromedicoregionalmixteca.com\/home\/wp-json\/wp\/v2\/posts"}],"about":[{"href":"https:\/\/www.centromedicoregionalmixteca.com\/home\/wp-json\/wp\/v2\/types\/post"}],"author":[{"embeddable":true,"href":"https:\/\/www.centromedicoregionalmixteca.com\/home\/wp-json\/wp\/v2\/users\/3"}],"replies":[{"embeddable":true,"href":"https:\/\/www.centromedicoregionalmixteca.com\/home\/wp-json\/wp\/v2\/comments?post=863"}],"version-history":[{"count":1,"href":"https:\/\/www.centromedicoregionalmixteca.com\/home\/wp-json\/wp\/v2\/posts\/863\/revisions"}],"predecessor-version":[{"id":866,"href":"https:\/\/www.centromedicoregionalmixteca.com\/home\/wp-json\/wp\/v2\/posts\/863\/revisions\/866"}],"wp:featuredmedia":[{"embeddable":true,"href":"https:\/\/www.centromedicoregionalmixteca.com\/home\/wp-json\/wp\/v2\/media\/867"}],"wp:attachment":[{"href":"https:\/\/www.centromedicoregionalmixteca.com\/home\/wp-json\/wp\/v2\/media?parent=863"}],"wp:term":[{"taxonomy":"category","embeddable":true,"href":"https:\/\/www.centromedicoregionalmixteca.com\/home\/wp-json\/wp\/v2\/categories?post=863"},{"taxonomy":"post_tag","embeddable":true,"href":"https:\/\/www.centromedicoregionalmixteca.com\/home\/wp-json\/wp\/v2\/tags?post=863"}],"curies":[{"name":"wp","href":"https:\/\/api.w.org\/{rel}","templated":true}]}}