{"id":869,"date":"2022-02-11T19:42:56","date_gmt":"2022-02-12T01:42:56","guid":{"rendered":"https:\/\/www.centromedicoregionalmixteca.com\/home\/?p=869"},"modified":"2022-02-11T19:43:00","modified_gmt":"2022-02-12T01:43:00","slug":"sesion-medica-rehabilitacion-pulmonar-en-paciente-post-covid","status":"publish","type":"post","link":"https:\/\/www.centromedicoregionalmixteca.com\/home\/sesion-medica\/sesion-medica-rehabilitacion-pulmonar-en-paciente-post-covid\/","title":{"rendered":"Sesi\u00f3n M\u00e9dica: Rehabilitaci\u00f3n Pulmonar en paciente post Covid"},"content":{"rendered":"\n<p class=\"wp-block-paragraph\" style=\"font-size:16px\">Es nuestro distinguido placer, invitarles a la segunda Sesi\u00f3n Acad\u00e9mica Presencial del mes, a cargo de Licenciada en Terapia F\u00edsica, Eunice L. Velasco Cruz. Nuestra ponente se especializa en Terapia Manual, y cuenta con un Diplomado en Rehabilitaci\u00f3n Pulmonar. Actualmente se encuentra cursando un posgrado en Rehabilitaci\u00f3n Deportiva. El evento es gratuito y est\u00e1 dirigido a todo el personal m\u00e9dico y de enfermer\u00eda, as\u00ed como a profesionales de la salud. Uno de los objetivos de la sesi\u00f3n, es compartir informaci\u00f3n relevante sobre t\u00e9cnicas, ejercicios, y todo lo necesario para brindar rehabilitaci\u00f3n pulmonar adecuada en pacientes que tienen problemas respiratorios cr\u00f3nicos, a causa del Covid19.<\/p>\n\n\n\n<p class=\"wp-block-paragraph\" style=\"font-size:16px\">La sesi\u00f3n se efectuar\u00e1 el viernes 25 de febrero de 2022, a las 20:00 Hrs., en el Sal\u00f3n Versalles, del Hotel Garc\u00eda Peral, en Huajuapan de Le\u00f3n, Oaxaca. Asimismo, se realizar\u00e1 una transmisi\u00f3n en vivo v\u00eda Facebook Live, en nuestro perfil oficial.<\/p>\n\n\n\n<p class=\"wp-block-paragraph\"><\/p>\n\n\n\n<blockquote class=\"wp-block-quote is-style-plain is-layout-flow wp-block-quote-is-layout-flow\" style=\"font-size:14px\"><p><em>Les compartimos el primer cartel promocional del evento.<\/em><\/p><\/blockquote>\n\n\n\n<figure class=\"wp-block-image size-full is-resized is-style-default\"><img loading=\"lazy\" decoding=\"async\" src=\"https:\/\/www.centromedicoregionalmixteca.com\/home\/wp-content\/uploads\/2022\/02\/01-poster-evento-25feb22-web.jpg\" alt=\"\" class=\"wp-image-872\" width=\"576\" height=\"864\"\/><\/figure>\n","protected":false},"excerpt":{"rendered":"<p>Es nuestro distinguido placer, invitarles a la segunda Sesi\u00f3n Acad\u00e9mica Presencial del mes, a cargo de Licenciada en Terapia F\u00edsica, Eunice L. Velasco Cruz. Nuestra ponente se especializa en Terapia Manual, y cuenta con un Diplomado en Rehabilitaci\u00f3n Pulmonar. Actualmente se encuentra cursando un posgrado en Rehabilitaci\u00f3n Deportiva. El evento es gratuito y est\u00e1 dirigido [&hellip;]<\/p>\n","protected":false},"author":3,"featured_media":871,"comment_status":"open","ping_status":"open","sticky":false,"template":"","format":"standard","meta":{"_et_pb_use_builder":"","_et_pb_old_content":"","_et_gb_content_width":"","footnotes":""},"categories":[11],"tags":[34,81,14,86,85,84,83],"class_list":["post-869","post","type-post","status-publish","format-standard","has-post-thumbnail","hentry","category-sesion-medica","tag-covid19","tag-educacion","tag-evento","tag-gratuito","tag-post","tag-pulmonar","tag-rehabilitacion"],"_links":{"self":[{"href":"https:\/\/www.centromedicoregionalmixteca.com\/home\/wp-json\/wp\/v2\/posts\/869","targetHints":{"allow":["GET"]}}],"collection":[{"href":"https:\/\/www.centromedicoregionalmixteca.com\/home\/wp-json\/wp\/v2\/posts"}],"about":[{"href":"https:\/\/www.centromedicoregionalmixteca.com\/home\/wp-json\/wp\/v2\/types\/post"}],"author":[{"embeddable":true,"href":"https:\/\/www.centromedicoregionalmixteca.com\/home\/wp-json\/wp\/v2\/users\/3"}],"replies":[{"embeddable":true,"href":"https:\/\/www.centromedicoregionalmixteca.com\/home\/wp-json\/wp\/v2\/comments?post=869"}],"version-history":[{"count":2,"href":"https:\/\/www.centromedicoregionalmixteca.com\/home\/wp-json\/wp\/v2\/posts\/869\/revisions"}],"predecessor-version":[{"id":874,"href":"https:\/\/www.centromedicoregionalmixteca.com\/home\/wp-json\/wp\/v2\/posts\/869\/revisions\/874"}],"wp:featuredmedia":[{"embeddable":true,"href":"https:\/\/www.centromedicoregionalmixteca.com\/home\/wp-json\/wp\/v2\/media\/871"}],"wp:attachment":[{"href":"https:\/\/www.centromedicoregionalmixteca.com\/home\/wp-json\/wp\/v2\/media?parent=869"}],"wp:term":[{"taxonomy":"category","embeddable":true,"href":"https:\/\/www.centromedicoregionalmixteca.com\/home\/wp-json\/wp\/v2\/categories?post=869"},{"taxonomy":"post_tag","embeddable":true,"href":"https:\/\/www.centromedicoregionalmixteca.com\/home\/wp-json\/wp\/v2\/tags?post=869"}],"curies":[{"name":"wp","href":"https:\/\/api.w.org\/{rel}","templated":true}]}}