{"id":878,"date":"2022-03-02T18:26:36","date_gmt":"2022-03-03T00:26:36","guid":{"rendered":"https:\/\/www.centromedicoregionalmixteca.com\/home\/?p=878"},"modified":"2022-03-02T19:18:41","modified_gmt":"2022-03-03T01:18:41","slug":"revive-la-sesion-medica","status":"publish","type":"post","link":"https:\/\/www.centromedicoregionalmixteca.com\/home\/sesion-medica\/revive-la-sesion-medica\/","title":{"rendered":"REVIVE LA SESI\u00d3N M\u00c9DICA"},"content":{"rendered":"\n<p class=\"wp-block-paragraph\">El pasado s\u00e1bado 25 de febrero del presente a\u00f1o, se llev\u00f3 a cabo nuestra segunda sesi\u00f3n m\u00e9dica presencial, cuyo tema central fue: &#8220;Rehabilitaci\u00f3n pulmonar en paciente post Covid&#8221; una ponencia sin duda interesante y con mayor relevancia en el contexto pand\u00e9mico actual. Estuvo a cargo de la Licenciada en Terapia F\u00edsica, Eunice L. Velasco Cruz, quien comparti\u00f3 informaci\u00f3n actualizada y sustentada, acerca de aspectos t\u00e9cnicos y todo lo relacionado a la rehabilitaci\u00f3n fisioterap\u00e9utica \u00f3ptima de los pacientes para su recuperaci\u00f3n pulmonar, despu\u00e9s de haber estado expuesto al Covid-19. La LTF. Eunice, se encuentra al frente de la cl\u00ednica de Athara: Fisioterapia Y Rehabilitaci\u00f3n F\u00edsica, ubicada cerca del Centro M\u00e9dico Regional de la Mixteca.<\/p>\n\n\n\n<p class=\"wp-block-paragraph\"><\/p>\n\n\n\n<blockquote class=\"wp-block-quote is-style-plain is-layout-flow wp-block-quote-is-layout-flow\"><p><em>Estos son algunos momentos significativos del evento<\/em><\/p><\/blockquote>\n\n\n\n<figure class=\"wp-block-image size-full\"><img loading=\"lazy\" decoding=\"async\" width=\"1440\" height=\"960\" src=\"https:\/\/www.centromedicoregionalmixteca.com\/home\/wp-content\/uploads\/2022\/03\/DSC_0178.jpg\" alt=\"\" class=\"wp-image-880\" srcset=\"https:\/\/www.centromedicoregionalmixteca.com\/home\/wp-content\/uploads\/2022\/03\/DSC_0178.jpg 1440w, https:\/\/www.centromedicoregionalmixteca.com\/home\/wp-content\/uploads\/2022\/03\/DSC_0178-1280x853.jpg 1280w, https:\/\/www.centromedicoregionalmixteca.com\/home\/wp-content\/uploads\/2022\/03\/DSC_0178-980x653.jpg 980w, https:\/\/www.centromedicoregionalmixteca.com\/home\/wp-content\/uploads\/2022\/03\/DSC_0178-480x320.jpg 480w\" sizes=\"(min-width: 0px) and (max-width: 480px) 480px, (min-width: 481px) and (max-width: 980px) 980px, (min-width: 981px) and (max-width: 1280px) 1280px, (min-width: 1281px) 1440px, 100vw\" \/><figcaption>Palabras de bienvenida a cargo de la Dra. Lucero Rodr\u00edguez Vel\u00e1squez, Coordinadora Acad\u00e9mica del CMR.<\/figcaption><\/figure>\n\n\n\n<figure class=\"wp-block-image size-full\"><img loading=\"lazy\" decoding=\"async\" width=\"1440\" height=\"960\" src=\"https:\/\/www.centromedicoregionalmixteca.com\/home\/wp-content\/uploads\/2022\/03\/DSC_0191.jpg\" alt=\"\" class=\"wp-image-881\" srcset=\"https:\/\/www.centromedicoregionalmixteca.com\/home\/wp-content\/uploads\/2022\/03\/DSC_0191.jpg 1440w, https:\/\/www.centromedicoregionalmixteca.com\/home\/wp-content\/uploads\/2022\/03\/DSC_0191-1280x853.jpg 1280w, https:\/\/www.centromedicoregionalmixteca.com\/home\/wp-content\/uploads\/2022\/03\/DSC_0191-980x653.jpg 980w, https:\/\/www.centromedicoregionalmixteca.com\/home\/wp-content\/uploads\/2022\/03\/DSC_0191-480x320.jpg 480w\" sizes=\"(min-width: 0px) and (max-width: 480px) 480px, (min-width: 481px) and (max-width: 980px) 980px, (min-width: 981px) and (max-width: 1280px) 1280px, (min-width: 1281px) 1440px, 100vw\" \/><figcaption>Exponiendo datos interesantes sobre el Covid y su afectaci\u00f3n en el paciente.<\/figcaption><\/figure>\n\n\n\n<figure class=\"wp-block-image size-full\"><img loading=\"lazy\" decoding=\"async\" width=\"1440\" height=\"960\" src=\"https:\/\/www.centromedicoregionalmixteca.com\/home\/wp-content\/uploads\/2022\/03\/DSC_0212.jpg\" alt=\"\" class=\"wp-image-882\" srcset=\"https:\/\/www.centromedicoregionalmixteca.com\/home\/wp-content\/uploads\/2022\/03\/DSC_0212.jpg 1440w, https:\/\/www.centromedicoregionalmixteca.com\/home\/wp-content\/uploads\/2022\/03\/DSC_0212-1280x853.jpg 1280w, https:\/\/www.centromedicoregionalmixteca.com\/home\/wp-content\/uploads\/2022\/03\/DSC_0212-980x653.jpg 980w, https:\/\/www.centromedicoregionalmixteca.com\/home\/wp-content\/uploads\/2022\/03\/DSC_0212-480x320.jpg 480w\" sizes=\"(min-width: 0px) and (max-width: 480px) 480px, (min-width: 481px) and (max-width: 980px) 980px, (min-width: 981px) and (max-width: 1280px) 1280px, (min-width: 1281px) 1440px, 100vw\" \/><figcaption>Proyectando los objetivos generales de un fisioterapeuta<\/figcaption><\/figure>\n\n\n\n<figure class=\"wp-block-image size-full\"><img loading=\"lazy\" decoding=\"async\" width=\"1440\" height=\"960\" src=\"https:\/\/www.centromedicoregionalmixteca.com\/home\/wp-content\/uploads\/2022\/03\/DSC_0255.jpg\" alt=\"\" class=\"wp-image-883\" srcset=\"https:\/\/www.centromedicoregionalmixteca.com\/home\/wp-content\/uploads\/2022\/03\/DSC_0255.jpg 1440w, https:\/\/www.centromedicoregionalmixteca.com\/home\/wp-content\/uploads\/2022\/03\/DSC_0255-1280x853.jpg 1280w, https:\/\/www.centromedicoregionalmixteca.com\/home\/wp-content\/uploads\/2022\/03\/DSC_0255-980x653.jpg 980w, https:\/\/www.centromedicoregionalmixteca.com\/home\/wp-content\/uploads\/2022\/03\/DSC_0255-480x320.jpg 480w\" sizes=\"(min-width: 0px) and (max-width: 480px) 480px, (min-width: 481px) and (max-width: 980px) 980px, (min-width: 981px) and (max-width: 1280px) 1280px, (min-width: 1281px) 1440px, 100vw\" \/><figcaption>Al concluir la ponencia, se realiz\u00f3 una demostraci\u00f3n de algunas t\u00e9cnicas de inspiraciones y espiraciones.<\/figcaption><\/figure>\n\n\n\n<figure class=\"wp-block-image size-full\"><img loading=\"lazy\" decoding=\"async\" width=\"960\" height=\"1440\" src=\"https:\/\/www.centromedicoregionalmixteca.com\/home\/wp-content\/uploads\/2022\/03\/DSC_0263.jpg\" alt=\"\" class=\"wp-image-884\" srcset=\"https:\/\/www.centromedicoregionalmixteca.com\/home\/wp-content\/uploads\/2022\/03\/DSC_0263.jpg 960w, https:\/\/www.centromedicoregionalmixteca.com\/home\/wp-content\/uploads\/2022\/03\/DSC_0263-480x720.jpg 480w\" sizes=\"(min-width: 0px) and (max-width: 480px) 480px, (min-width: 481px) 960px, 100vw\" \/><figcaption>Entrega de reconocimiento por su valiosa ponencia a la LTF. Eunice L. Velasco Cruz.<\/figcaption><\/figure>\n","protected":false},"excerpt":{"rendered":"<p>El pasado s\u00e1bado 25 de febrero del presente a\u00f1o, se llev\u00f3 a cabo nuestra segunda sesi\u00f3n m\u00e9dica presencial, cuyo tema central fue: &#8220;Rehabilitaci\u00f3n pulmonar en paciente post Covid&#8221; una ponencia sin duda interesante y con mayor relevancia en el contexto pand\u00e9mico actual. Estuvo a cargo de la Licenciada en Terapia F\u00edsica, Eunice L. Velasco Cruz, [&hellip;]<\/p>\n","protected":false},"author":3,"featured_media":879,"comment_status":"open","ping_status":"open","sticky":false,"template":"","format":"standard","meta":{"_et_pb_use_builder":"","_et_pb_old_content":"","_et_gb_content_width":"","footnotes":""},"categories":[11],"tags":[77,34,14,89,76,87,83,88],"class_list":["post-878","post","type-post","status-publish","format-standard","has-post-thumbnail","hentry","category-sesion-medica","tag-clinica","tag-covid19","tag-evento","tag-fisioterapia","tag-hospital","tag-pulmones","tag-rehabilitacion","tag-rehabilitacionpulmonar"],"_links":{"self":[{"href":"https:\/\/www.centromedicoregionalmixteca.com\/home\/wp-json\/wp\/v2\/posts\/878","targetHints":{"allow":["GET"]}}],"collection":[{"href":"https:\/\/www.centromedicoregionalmixteca.com\/home\/wp-json\/wp\/v2\/posts"}],"about":[{"href":"https:\/\/www.centromedicoregionalmixteca.com\/home\/wp-json\/wp\/v2\/types\/post"}],"author":[{"embeddable":true,"href":"https:\/\/www.centromedicoregionalmixteca.com\/home\/wp-json\/wp\/v2\/users\/3"}],"replies":[{"embeddable":true,"href":"https:\/\/www.centromedicoregionalmixteca.com\/home\/wp-json\/wp\/v2\/comments?post=878"}],"version-history":[{"count":1,"href":"https:\/\/www.centromedicoregionalmixteca.com\/home\/wp-json\/wp\/v2\/posts\/878\/revisions"}],"predecessor-version":[{"id":885,"href":"https:\/\/www.centromedicoregionalmixteca.com\/home\/wp-json\/wp\/v2\/posts\/878\/revisions\/885"}],"wp:featuredmedia":[{"embeddable":true,"href":"https:\/\/www.centromedicoregionalmixteca.com\/home\/wp-json\/wp\/v2\/media\/879"}],"wp:attachment":[{"href":"https:\/\/www.centromedicoregionalmixteca.com\/home\/wp-json\/wp\/v2\/media?parent=878"}],"wp:term":[{"taxonomy":"category","embeddable":true,"href":"https:\/\/www.centromedicoregionalmixteca.com\/home\/wp-json\/wp\/v2\/categories?post=878"},{"taxonomy":"post_tag","embeddable":true,"href":"https:\/\/www.centromedicoregionalmixteca.com\/home\/wp-json\/wp\/v2\/tags?post=878"}],"curies":[{"name":"wp","href":"https:\/\/api.w.org\/{rel}","templated":true}]}}