{"id":893,"date":"2022-04-06T17:27:30","date_gmt":"2022-04-06T22:27:30","guid":{"rendered":"https:\/\/www.centromedicoregionalmixteca.com\/home\/?p=893"},"modified":"2022-04-06T18:02:49","modified_gmt":"2022-04-06T23:02:49","slug":"revive-nuestra-sesion-medica","status":"publish","type":"post","link":"https:\/\/www.centromedicoregionalmixteca.com\/home\/sesion-medica\/revive-nuestra-sesion-medica\/","title":{"rendered":"Revive Nuestra Sesi\u00f3n M\u00e9dica"},"content":{"rendered":"\n<p class=\"has-medium-font-size wp-block-paragraph\">El Centro M\u00e9dico Regional de la Mixteca, llev\u00f3 a cabo su tercera Sesi\u00f3n M\u00e9dica Presencial del a\u00f1o, el d\u00eda s\u00e1bado 26 de marzo, cuyo tema fue &#8220;Diferencias entre V\u00e9rtigo Central y V\u00e9rtigo Perif\u00e9rico&#8221; a cargo de nuestra especialista, la Dra. Gabriela Arango Salazar, Neur\u00f3loga con Alta Especialidad en Epilepsia. La sesi\u00f3n se dio lugar en el Sal\u00f3n Versalles, del Hotel Garc\u00eda Peral, en Huajuapan de Le\u00f3n, Oaxaca. Les compartimos los momentos m\u00e1s significativos del evento. <\/p>\n\n\n\n<p class=\"wp-block-paragraph\"><\/p>\n\n\n\n<p class=\"has-vivid-cyan-blue-color has-text-color has-medium-font-size wp-block-paragraph\"><em>Galer\u00eda de fotos<\/em><\/p>\n\n\n\n<p class=\"wp-block-paragraph\"><\/p>\n\n\n\n<figure class=\"wp-block-image size-full is-resized\"><img loading=\"lazy\" decoding=\"async\" src=\"https:\/\/www.centromedicoregionalmixteca.com\/home\/wp-content\/uploads\/2022\/04\/DSC_0342.jpg\" alt=\"\" class=\"wp-image-895\" width=\"639\" height=\"426\"\/><figcaption>Asistentes al evento acad\u00e9mico del mes de marzo.<\/figcaption><\/figure>\n\n\n\n<figure class=\"wp-block-image size-full is-resized\"><img loading=\"lazy\" decoding=\"async\" src=\"https:\/\/www.centromedicoregionalmixteca.com\/home\/wp-content\/uploads\/2022\/04\/DSC_0343.jpg\" alt=\"\" class=\"wp-image-896\" width=\"641\" height=\"427\"\/><figcaption>Explicaci\u00f3n del concepto de v\u00e9rtigo.<\/figcaption><\/figure>\n\n\n\n<figure class=\"wp-block-image size-full is-resized\"><img loading=\"lazy\" decoding=\"async\" src=\"https:\/\/www.centromedicoregionalmixteca.com\/home\/wp-content\/uploads\/2022\/04\/DSC_0350.jpg\" alt=\"\" class=\"wp-image-897\" width=\"641\" height=\"427\"\/><figcaption>Dra. Gabriela Arango Salazar exponiendo acerca del v\u00e9rtigo perif\u00e9rico.<\/figcaption><\/figure>\n\n\n\n<figure class=\"wp-block-image size-full is-resized\"><img loading=\"lazy\" decoding=\"async\" src=\"https:\/\/www.centromedicoregionalmixteca.com\/home\/wp-content\/uploads\/2022\/04\/DSC_0357.jpg\" alt=\"\" class=\"wp-image-898\" width=\"642\" height=\"428\"\/><figcaption>Ponencia sobre la diferencia entre V\u00e9rtigo Central y V\u00e9rtigo Perif\u00e9rico.<\/figcaption><\/figure>\n\n\n\n<figure class=\"wp-block-image size-full is-resized\"><img loading=\"lazy\" decoding=\"async\" src=\"https:\/\/www.centromedicoregionalmixteca.com\/home\/wp-content\/uploads\/2022\/04\/DSC_0363.jpg\" alt=\"\" class=\"wp-image-899\" width=\"641\" height=\"427\"\/><figcaption>Ejemplificaci\u00f3n de atenci\u00f3n al paciente.<\/figcaption><\/figure>\n\n\n\n<figure class=\"wp-block-image size-full is-resized\"><img loading=\"lazy\" decoding=\"async\" src=\"https:\/\/www.centromedicoregionalmixteca.com\/home\/wp-content\/uploads\/2022\/04\/DSC_0365.jpg\" alt=\"\" class=\"wp-image-900\" width=\"644\" height=\"429\"\/><figcaption>Explicaci\u00f3n sobre maniobra de Nistagmo Posicional.<\/figcaption><\/figure>\n\n\n\n<figure class=\"wp-block-image size-full is-resized\"><img loading=\"lazy\" decoding=\"async\" src=\"https:\/\/www.centromedicoregionalmixteca.com\/home\/wp-content\/uploads\/2022\/04\/DSC_0372.jpg\" alt=\"\" class=\"wp-image-901\" width=\"645\" height=\"430\"\/><figcaption>Ponente Dra. Gabriela Arango Salazar<\/figcaption><\/figure>\n\n\n\n<figure class=\"wp-block-image size-full is-resized\"><img loading=\"lazy\" decoding=\"async\" src=\"https:\/\/www.centromedicoregionalmixteca.com\/home\/wp-content\/uploads\/2022\/04\/DSC_0390.jpg\" alt=\"\" class=\"wp-image-902\" width=\"648\" height=\"431\"\/><figcaption>Reconocimiento por su valiosa ponencia y participaci\u00f3n en la tercera sesi\u00f3n m\u00e9dica del a\u00f1o.<\/figcaption><\/figure>\n\n\n\n<blockquote class=\"wp-block-quote is-style-default is-layout-flow wp-block-quote-is-layout-flow\" style=\"font-size:16px\"><p><strong><em>\u00a1Pronto compartiremos informaci\u00f3n acerca de la siguiente Sesi\u00f3n M\u00e9dica Presencial del mes de Abril. Agradecemos su preferencia y asistencia!<\/em><\/strong><\/p><cite>Centro M\u00e9dico Regional de la Mixteca<\/cite><\/blockquote>\n","protected":false},"excerpt":{"rendered":"<p>El Centro M\u00e9dico Regional de la Mixteca, llev\u00f3 a cabo su tercera Sesi\u00f3n M\u00e9dica Presencial del a\u00f1o, el d\u00eda s\u00e1bado 26 de marzo, cuyo tema fue &#8220;Diferencias entre V\u00e9rtigo Central y V\u00e9rtigo Perif\u00e9rico&#8221; a cargo de nuestra especialista, la Dra. Gabriela Arango Salazar, Neur\u00f3loga con Alta Especialidad en Epilepsia. La sesi\u00f3n se dio lugar en [&hellip;]<\/p>\n","protected":false},"author":3,"featured_media":894,"comment_status":"open","ping_status":"open","sticky":false,"template":"","format":"standard","meta":{"_et_pb_use_builder":"","_et_pb_old_content":"","_et_gb_content_width":"","footnotes":""},"categories":[11],"tags":[14,91,93,35,92],"class_list":["post-893","post","type-post","status-publish","format-standard","has-post-thumbnail","hentry","category-sesion-medica","tag-evento","tag-neurologia","tag-presencial","tag-sesion","tag-vertigo"],"_links":{"self":[{"href":"https:\/\/www.centromedicoregionalmixteca.com\/home\/wp-json\/wp\/v2\/posts\/893","targetHints":{"allow":["GET"]}}],"collection":[{"href":"https:\/\/www.centromedicoregionalmixteca.com\/home\/wp-json\/wp\/v2\/posts"}],"about":[{"href":"https:\/\/www.centromedicoregionalmixteca.com\/home\/wp-json\/wp\/v2\/types\/post"}],"author":[{"embeddable":true,"href":"https:\/\/www.centromedicoregionalmixteca.com\/home\/wp-json\/wp\/v2\/users\/3"}],"replies":[{"embeddable":true,"href":"https:\/\/www.centromedicoregionalmixteca.com\/home\/wp-json\/wp\/v2\/comments?post=893"}],"version-history":[{"count":3,"href":"https:\/\/www.centromedicoregionalmixteca.com\/home\/wp-json\/wp\/v2\/posts\/893\/revisions"}],"predecessor-version":[{"id":905,"href":"https:\/\/www.centromedicoregionalmixteca.com\/home\/wp-json\/wp\/v2\/posts\/893\/revisions\/905"}],"wp:featuredmedia":[{"embeddable":true,"href":"https:\/\/www.centromedicoregionalmixteca.com\/home\/wp-json\/wp\/v2\/media\/894"}],"wp:attachment":[{"href":"https:\/\/www.centromedicoregionalmixteca.com\/home\/wp-json\/wp\/v2\/media?parent=893"}],"wp:term":[{"taxonomy":"category","embeddable":true,"href":"https:\/\/www.centromedicoregionalmixteca.com\/home\/wp-json\/wp\/v2\/categories?post=893"},{"taxonomy":"post_tag","embeddable":true,"href":"https:\/\/www.centromedicoregionalmixteca.com\/home\/wp-json\/wp\/v2\/tags?post=893"}],"curies":[{"name":"wp","href":"https:\/\/api.w.org\/{rel}","templated":true}]}}