{"id":908,"date":"2022-05-11T17:17:21","date_gmt":"2022-05-11T22:17:21","guid":{"rendered":"https:\/\/www.centromedicoregionalmixteca.com\/home\/?p=908"},"modified":"2022-05-11T17:17:25","modified_gmt":"2022-05-11T22:17:25","slug":"fotos-de-sesion-medica-del-29-de-abril","status":"publish","type":"post","link":"https:\/\/www.centromedicoregionalmixteca.com\/home\/sesion-medica\/fotos-de-sesion-medica-del-29-de-abril\/","title":{"rendered":"Fotos de Sesi\u00f3n M\u00e9dica del 29 de Abril"},"content":{"rendered":"\n<p class=\"wp-block-paragraph\">El Centro M\u00e9dico Regional de la Mixteca, se complace en compartir unos de los momentos m\u00e1s significativos de la pasada Sesi\u00f3n M\u00e9dica Presencial, la cual, conto con dos ponencias muy interesantes en el \u00e1rea Pedi\u00e1trica. La primera, titulada &#8220;Mejora en la Atenci\u00f3n M\u00e9dica, en el menor de 5 a\u00f1os&#8221; estuvo a cargo de la Dra. Valerie Ciprian Celis, M\u00e9dico Pediatra y encargada de la Cl\u00ednica del Ni\u00f1o Sano y Estimulaci\u00f3n Temprana, que forma parte de nuestro hospital. La segunda ponencia sobre &#8220;Estimulaci\u00f3n Temprana&#8221; estuvo a cargo de la Dra. Laura Eva Loyola Mart\u00ednez, M\u00e9dico Especializada en Estimulaci\u00f3n Temprana. Dichos temas se compartieron en el Hotel Garc\u00eda Peral, en Huajuapan de Le\u00f3n, Oaxaca, el pasado viernes 29 de abril de 2022. <\/p>\n\n\n\n<p class=\"wp-block-paragraph\">Si deseas visualizar dichas ponencias, puedes solicitar el enlace para descargar la ponencia, al 953 106 54 26.<\/p>\n\n\n\n<blockquote class=\"wp-block-quote is-style-default is-layout-flow wp-block-quote-is-layout-flow\"><p><strong><em>Fotos del evento<\/em><\/strong><\/p><\/blockquote>\n\n\n\n<figure class=\"wp-block-image size-full\"><img loading=\"lazy\" decoding=\"async\" width=\"1440\" height=\"960\" src=\"https:\/\/www.centromedicoregionalmixteca.com\/home\/wp-content\/uploads\/2022\/05\/DSC_0431.jpg\" alt=\"\" class=\"wp-image-910\" srcset=\"https:\/\/www.centromedicoregionalmixteca.com\/home\/wp-content\/uploads\/2022\/05\/DSC_0431.jpg 1440w, https:\/\/www.centromedicoregionalmixteca.com\/home\/wp-content\/uploads\/2022\/05\/DSC_0431-1280x853.jpg 1280w, https:\/\/www.centromedicoregionalmixteca.com\/home\/wp-content\/uploads\/2022\/05\/DSC_0431-980x653.jpg 980w, https:\/\/www.centromedicoregionalmixteca.com\/home\/wp-content\/uploads\/2022\/05\/DSC_0431-480x320.jpg 480w\" sizes=\"(min-width: 0px) and (max-width: 480px) 480px, (min-width: 481px) and (max-width: 980px) 980px, (min-width: 981px) and (max-width: 1280px) 1280px, (min-width: 1281px) 1440px, 100vw\" \/><figcaption>Dra. Valerie Ciprian Celis, M\u00e9dico Pediatra<\/figcaption><\/figure>\n\n\n\n<figure class=\"wp-block-image size-full\"><img loading=\"lazy\" decoding=\"async\" width=\"1440\" height=\"960\" src=\"https:\/\/www.centromedicoregionalmixteca.com\/home\/wp-content\/uploads\/2022\/05\/DSC_0453.jpg\" alt=\"\" class=\"wp-image-911\" srcset=\"https:\/\/www.centromedicoregionalmixteca.com\/home\/wp-content\/uploads\/2022\/05\/DSC_0453.jpg 1440w, https:\/\/www.centromedicoregionalmixteca.com\/home\/wp-content\/uploads\/2022\/05\/DSC_0453-1280x853.jpg 1280w, https:\/\/www.centromedicoregionalmixteca.com\/home\/wp-content\/uploads\/2022\/05\/DSC_0453-980x653.jpg 980w, https:\/\/www.centromedicoregionalmixteca.com\/home\/wp-content\/uploads\/2022\/05\/DSC_0453-480x320.jpg 480w\" sizes=\"(min-width: 0px) and (max-width: 480px) 480px, (min-width: 481px) and (max-width: 980px) 980px, (min-width: 981px) and (max-width: 1280px) 1280px, (min-width: 1281px) 1440px, 100vw\" \/><figcaption>Quorum de Sesi\u00f3n M\u00e9dica Presencial<\/figcaption><\/figure>\n\n\n\n<figure class=\"wp-block-image size-full\"><img loading=\"lazy\" decoding=\"async\" width=\"1440\" height=\"960\" src=\"https:\/\/www.centromedicoregionalmixteca.com\/home\/wp-content\/uploads\/2022\/05\/DSC_0456.jpg\" alt=\"\" class=\"wp-image-912\" srcset=\"https:\/\/www.centromedicoregionalmixteca.com\/home\/wp-content\/uploads\/2022\/05\/DSC_0456.jpg 1440w, https:\/\/www.centromedicoregionalmixteca.com\/home\/wp-content\/uploads\/2022\/05\/DSC_0456-1280x853.jpg 1280w, https:\/\/www.centromedicoregionalmixteca.com\/home\/wp-content\/uploads\/2022\/05\/DSC_0456-980x653.jpg 980w, https:\/\/www.centromedicoregionalmixteca.com\/home\/wp-content\/uploads\/2022\/05\/DSC_0456-480x320.jpg 480w\" sizes=\"(min-width: 0px) and (max-width: 480px) 480px, (min-width: 481px) and (max-width: 980px) 980px, (min-width: 981px) and (max-width: 1280px) 1280px, (min-width: 1281px) 1440px, 100vw\" \/><figcaption>Conceptos que manejan en la Cl\u00ednica del Ni\u00f1o Sano<\/figcaption><\/figure>\n\n\n\n<figure class=\"wp-block-image size-full\"><img loading=\"lazy\" decoding=\"async\" width=\"1440\" height=\"960\" src=\"https:\/\/www.centromedicoregionalmixteca.com\/home\/wp-content\/uploads\/2022\/05\/DSC_0464.jpg\" alt=\"\" class=\"wp-image-913\" srcset=\"https:\/\/www.centromedicoregionalmixteca.com\/home\/wp-content\/uploads\/2022\/05\/DSC_0464.jpg 1440w, https:\/\/www.centromedicoregionalmixteca.com\/home\/wp-content\/uploads\/2022\/05\/DSC_0464-1280x853.jpg 1280w, https:\/\/www.centromedicoregionalmixteca.com\/home\/wp-content\/uploads\/2022\/05\/DSC_0464-980x653.jpg 980w, https:\/\/www.centromedicoregionalmixteca.com\/home\/wp-content\/uploads\/2022\/05\/DSC_0464-480x320.jpg 480w\" sizes=\"(min-width: 0px) and (max-width: 480px) 480px, (min-width: 481px) and (max-width: 980px) 980px, (min-width: 981px) and (max-width: 1280px) 1280px, (min-width: 1281px) 1440px, 100vw\" \/><figcaption>Dra. Laura Eva Loyola Mart\u00ednez explicando sobre la Estimulaci\u00f3n Temprana.<\/figcaption><\/figure>\n\n\n\n<figure class=\"wp-block-gallery has-nested-images columns-default is-cropped wp-block-gallery-1 is-layout-flex wp-block-gallery-is-layout-flex\">\n<figure class=\"wp-block-image size-large\"><img loading=\"lazy\" decoding=\"async\" width=\"960\" height=\"1440\" data-id=\"914\" src=\"https:\/\/www.centromedicoregionalmixteca.com\/home\/wp-content\/uploads\/2022\/05\/DSC_0465.jpg\" alt=\"\" class=\"wp-image-914\" srcset=\"https:\/\/www.centromedicoregionalmixteca.com\/home\/wp-content\/uploads\/2022\/05\/DSC_0465.jpg 960w, https:\/\/www.centromedicoregionalmixteca.com\/home\/wp-content\/uploads\/2022\/05\/DSC_0465-480x720.jpg 480w\" sizes=\"(min-width: 0px) and (max-width: 480px) 480px, (min-width: 481px) 960px, 100vw\" \/><\/figure>\n<figcaption class=\"blocks-gallery-caption\">Dra. Laura Eva Loyola Mart\u00ednez<\/figcaption><\/figure>\n\n\n\n<figure class=\"wp-block-image size-full\"><img loading=\"lazy\" decoding=\"async\" width=\"1440\" height=\"960\" src=\"https:\/\/www.centromedicoregionalmixteca.com\/home\/wp-content\/uploads\/2022\/05\/DSC_0502.jpg\" alt=\"\" class=\"wp-image-915\" srcset=\"https:\/\/www.centromedicoregionalmixteca.com\/home\/wp-content\/uploads\/2022\/05\/DSC_0502.jpg 1440w, https:\/\/www.centromedicoregionalmixteca.com\/home\/wp-content\/uploads\/2022\/05\/DSC_0502-1280x853.jpg 1280w, https:\/\/www.centromedicoregionalmixteca.com\/home\/wp-content\/uploads\/2022\/05\/DSC_0502-980x653.jpg 980w, https:\/\/www.centromedicoregionalmixteca.com\/home\/wp-content\/uploads\/2022\/05\/DSC_0502-480x320.jpg 480w\" sizes=\"(min-width: 0px) and (max-width: 480px) 480px, (min-width: 481px) and (max-width: 980px) 980px, (min-width: 981px) and (max-width: 1280px) 1280px, (min-width: 1281px) 1440px, 100vw\" \/><figcaption>Entrega de reconocimiento a nuestras ponentes, por su valiosa participaci\u00f3n en la Sesi\u00f3n de abril.<\/figcaption><\/figure>\n","protected":false},"excerpt":{"rendered":"<p>El Centro M\u00e9dico Regional de la Mixteca, se complace en compartir unos de los momentos m\u00e1s significativos de la pasada Sesi\u00f3n M\u00e9dica Presencial, la cual, conto con dos ponencias muy interesantes en el \u00e1rea Pedi\u00e1trica. La primera, titulada &#8220;Mejora en la Atenci\u00f3n M\u00e9dica, en el menor de 5 a\u00f1os&#8221; estuvo a cargo de la Dra. [&hellip;]<\/p>\n","protected":false},"author":3,"featured_media":909,"comment_status":"open","ping_status":"open","sticky":false,"template":"","format":"standard","meta":{"_et_pb_use_builder":"","_et_pb_old_content":"","_et_gb_content_width":"","footnotes":""},"categories":[11],"tags":[90,98,96,76,97,95,94,35],"class_list":["post-908","post","type-post","status-publish","format-standard","has-post-thumbnail","hentry","category-sesion-medica","tag-academica","tag-atencionmedica","tag-estimulaciontemprana","tag-hospital","tag-mejora","tag-ninosano","tag-pediatria","tag-sesion"],"_links":{"self":[{"href":"https:\/\/www.centromedicoregionalmixteca.com\/home\/wp-json\/wp\/v2\/posts\/908","targetHints":{"allow":["GET"]}}],"collection":[{"href":"https:\/\/www.centromedicoregionalmixteca.com\/home\/wp-json\/wp\/v2\/posts"}],"about":[{"href":"https:\/\/www.centromedicoregionalmixteca.com\/home\/wp-json\/wp\/v2\/types\/post"}],"author":[{"embeddable":true,"href":"https:\/\/www.centromedicoregionalmixteca.com\/home\/wp-json\/wp\/v2\/users\/3"}],"replies":[{"embeddable":true,"href":"https:\/\/www.centromedicoregionalmixteca.com\/home\/wp-json\/wp\/v2\/comments?post=908"}],"version-history":[{"count":1,"href":"https:\/\/www.centromedicoregionalmixteca.com\/home\/wp-json\/wp\/v2\/posts\/908\/revisions"}],"predecessor-version":[{"id":916,"href":"https:\/\/www.centromedicoregionalmixteca.com\/home\/wp-json\/wp\/v2\/posts\/908\/revisions\/916"}],"wp:featuredmedia":[{"embeddable":true,"href":"https:\/\/www.centromedicoregionalmixteca.com\/home\/wp-json\/wp\/v2\/media\/909"}],"wp:attachment":[{"href":"https:\/\/www.centromedicoregionalmixteca.com\/home\/wp-json\/wp\/v2\/media?parent=908"}],"wp:term":[{"taxonomy":"category","embeddable":true,"href":"https:\/\/www.centromedicoregionalmixteca.com\/home\/wp-json\/wp\/v2\/categories?post=908"},{"taxonomy":"post_tag","embeddable":true,"href":"https:\/\/www.centromedicoregionalmixteca.com\/home\/wp-json\/wp\/v2\/tags?post=908"}],"curies":[{"name":"wp","href":"https:\/\/api.w.org\/{rel}","templated":true}]}}