{"id":925,"date":"2022-09-01T20:16:31","date_gmt":"2022-09-02T01:16:31","guid":{"rendered":"https:\/\/www.centromedicoregionalmixteca.com\/home\/?p=925"},"modified":"2022-09-01T20:16:35","modified_gmt":"2022-09-02T01:16:35","slug":"sesion-medica-traumatismo-raquimedular","status":"publish","type":"post","link":"https:\/\/www.centromedicoregionalmixteca.com\/home\/sesion-medica\/sesion-medica-traumatismo-raquimedular\/","title":{"rendered":"Sesi\u00f3n M\u00e9dica: Traumatismo Raquimedular"},"content":{"rendered":"\n<p class=\"has-medium-font-size wp-block-paragraph\">El Centro M\u00e9dico Regional de la Mixteca llevo a cabo su Sesi\u00f3n M\u00e9dica Presencial, cuyo tema fue &#8220;Traumatismo Raquimedular&#8221; a cargo del ponente, el Dr. Fabricio Ortiz Larios, M\u00e9dico Internista y Subespecialista en Terapia Intensiva. Dicha ponencia se realiz\u00f3 en el Sal\u00f3n Versalles del Hotel Garc\u00eda Peral, en Huajuapan de Le\u00f3n, Oaxaca, el pasado s\u00e1bado 27 de agosto de 2022. <\/p>\n\n\n\n<p class=\"wp-block-paragraph\"><\/p>\n\n\n\n<p class=\"has-vivid-cyan-blue-color has-text-color has-medium-font-size wp-block-paragraph\"><em>Les compartimos algunos de los momentos de la sesi\u00f3n.<\/em><\/p>\n\n\n\n<figure class=\"wp-block-image size-full is-resized\"><img loading=\"lazy\" decoding=\"async\" src=\"https:\/\/www.centromedicoregionalmixteca.com\/home\/wp-content\/uploads\/2022\/09\/DSC_0084.jpg\" alt=\"\" class=\"wp-image-927\" width=\"622\" height=\"414\"\/><figcaption><em>Presentaci\u00f3n del Ponente.<\/em><\/figcaption><\/figure>\n\n\n\n<figure class=\"wp-block-image size-full is-resized\"><img loading=\"lazy\" decoding=\"async\" src=\"https:\/\/www.centromedicoregionalmixteca.com\/home\/wp-content\/uploads\/2022\/09\/DSC_0094.jpg\" alt=\"\" class=\"wp-image-928\" width=\"622\" height=\"414\"\/><\/figure>\n\n\n\n<p class=\"wp-block-paragraph\"><em>Introducci\u00f3n al tema de Trauma Raquimedular.<\/em><\/p>\n\n\n\n<figure class=\"wp-block-image size-full is-resized\"><img loading=\"lazy\" decoding=\"async\" src=\"https:\/\/www.centromedicoregionalmixteca.com\/home\/wp-content\/uploads\/2022\/09\/DSC_0105.jpg\" alt=\"\" class=\"wp-image-929\" width=\"622\" height=\"414\"\/><\/figure>\n\n\n\n<p class=\"wp-block-paragraph\"><em>Daros sobre porcentajes de paraplejia.<\/em><\/p>\n\n\n\n<figure class=\"wp-block-image size-full is-resized\"><img loading=\"lazy\" decoding=\"async\" src=\"https:\/\/www.centromedicoregionalmixteca.com\/home\/wp-content\/uploads\/2022\/09\/DSC_0124.jpg\" alt=\"\" class=\"wp-image-930\" width=\"621\" height=\"414\"\/><\/figure>\n\n\n\n<figure class=\"wp-block-image size-full is-resized\"><img loading=\"lazy\" decoding=\"async\" src=\"https:\/\/www.centromedicoregionalmixteca.com\/home\/wp-content\/uploads\/2022\/09\/DSC_0127.jpg\" alt=\"\" class=\"wp-image-931\" width=\"622\" height=\"414\"\/><\/figure>\n\n\n\n<figure class=\"wp-block-image size-full is-resized\"><img loading=\"lazy\" decoding=\"async\" src=\"https:\/\/www.centromedicoregionalmixteca.com\/home\/wp-content\/uploads\/2022\/09\/DSC_0140.jpg\" alt=\"\" class=\"wp-image-932\" width=\"621\" height=\"414\"\/><\/figure>\n\n\n\n<figure class=\"wp-block-image size-full is-resized\"><img loading=\"lazy\" decoding=\"async\" src=\"https:\/\/www.centromedicoregionalmixteca.com\/home\/wp-content\/uploads\/2022\/09\/DSC_0145.jpg\" alt=\"\" class=\"wp-image-933\" width=\"620\" height=\"413\"\/><figcaption><em>Preguntas y respuestas con el Dr. Fabricio Ortiz Larios.<\/em><\/figcaption><\/figure>\n\n\n\n<figure class=\"wp-block-image size-full is-resized\"><img loading=\"lazy\" decoding=\"async\" src=\"https:\/\/www.centromedicoregionalmixteca.com\/home\/wp-content\/uploads\/2022\/09\/DSC_0152.jpg\" alt=\"\" class=\"wp-image-934\" width=\"621\" height=\"414\"\/><\/figure>\n\n\n\n<p class=\"wp-block-paragraph\"><em>Entrega de reconocimiento a cargo del Dr. Miguel \u00c1ngel Ordu\u00f1a Alor, y la Dra. Concepci\u00f3n V\u00e1zquez Mart\u00ednez.<\/em><\/p>\n","protected":false},"excerpt":{"rendered":"<p>El Centro M\u00e9dico Regional de la Mixteca llevo a cabo su Sesi\u00f3n M\u00e9dica Presencial, cuyo tema fue &#8220;Traumatismo Raquimedular&#8221; a cargo del ponente, el Dr. Fabricio Ortiz Larios, M\u00e9dico Internista y Subespecialista en Terapia Intensiva. Dicha ponencia se realiz\u00f3 en el Sal\u00f3n Versalles del Hotel Garc\u00eda Peral, en Huajuapan de Le\u00f3n, Oaxaca, el pasado s\u00e1bado [&hellip;]<\/p>\n","protected":false},"author":3,"featured_media":926,"comment_status":"open","ping_status":"open","sticky":false,"template":"","format":"standard","meta":{"_et_pb_use_builder":"","_et_pb_old_content":"","_et_gb_content_width":"","footnotes":""},"categories":[11],"tags":[14,76,102,103,35,23],"class_list":["post-925","post","type-post","status-publish","format-standard","has-post-thumbnail","hentry","category-sesion-medica","tag-evento","tag-hospital","tag-medicinainterna","tag-raquimedular","tag-sesion","tag-traumatismo"],"_links":{"self":[{"href":"https:\/\/www.centromedicoregionalmixteca.com\/home\/wp-json\/wp\/v2\/posts\/925","targetHints":{"allow":["GET"]}}],"collection":[{"href":"https:\/\/www.centromedicoregionalmixteca.com\/home\/wp-json\/wp\/v2\/posts"}],"about":[{"href":"https:\/\/www.centromedicoregionalmixteca.com\/home\/wp-json\/wp\/v2\/types\/post"}],"author":[{"embeddable":true,"href":"https:\/\/www.centromedicoregionalmixteca.com\/home\/wp-json\/wp\/v2\/users\/3"}],"replies":[{"embeddable":true,"href":"https:\/\/www.centromedicoregionalmixteca.com\/home\/wp-json\/wp\/v2\/comments?post=925"}],"version-history":[{"count":1,"href":"https:\/\/www.centromedicoregionalmixteca.com\/home\/wp-json\/wp\/v2\/posts\/925\/revisions"}],"predecessor-version":[{"id":935,"href":"https:\/\/www.centromedicoregionalmixteca.com\/home\/wp-json\/wp\/v2\/posts\/925\/revisions\/935"}],"wp:featuredmedia":[{"embeddable":true,"href":"https:\/\/www.centromedicoregionalmixteca.com\/home\/wp-json\/wp\/v2\/media\/926"}],"wp:attachment":[{"href":"https:\/\/www.centromedicoregionalmixteca.com\/home\/wp-json\/wp\/v2\/media?parent=925"}],"wp:term":[{"taxonomy":"category","embeddable":true,"href":"https:\/\/www.centromedicoregionalmixteca.com\/home\/wp-json\/wp\/v2\/categories?post=925"},{"taxonomy":"post_tag","embeddable":true,"href":"https:\/\/www.centromedicoregionalmixteca.com\/home\/wp-json\/wp\/v2\/tags?post=925"}],"curies":[{"name":"wp","href":"https:\/\/api.w.org\/{rel}","templated":true}]}}