{"id":961,"date":"2022-10-25T18:10:38","date_gmt":"2022-10-25T23:10:38","guid":{"rendered":"https:\/\/www.centromedicoregionalmixteca.com\/home\/?p=961"},"modified":"2022-10-29T14:53:13","modified_gmt":"2022-10-29T19:53:13","slug":"sesion-medica-presencial-del-dia-del-medico-2022","status":"publish","type":"post","link":"https:\/\/www.centromedicoregionalmixteca.com\/home\/sesion-medica\/sesion-medica-presencial-del-dia-del-medico-2022\/","title":{"rendered":"Sesi\u00f3n M\u00e9dica Presencial del D\u00eda del M\u00e9dico 2022"},"content":{"rendered":"\n<p class=\"wp-block-paragraph\">El <strong>Centro M\u00e9dico Regional de la Mixteca<\/strong>, llev\u00f3 a cabo su Sesi\u00f3n M\u00e9dica Presencial el pasado s\u00e1bado 22 de octubre, en conmemoraci\u00f3n del D\u00eda del M\u00e9dico. Indudablemente fue un evento memorable. Contamos con la participaci\u00f3n de dos ponentes, ambos con un curriculum destacado. La primera ponencia se proyect\u00f3 a las 8:00PM y estuvo a cargo del <em>Lic. En Enfermer\u00eda Alex Cruz Toledo<\/em>, quien comparti\u00f3 el tema de <strong>\u201cAccesos vasculares en el servicio de urgencias\u201d<\/strong>. A las 9:00PM continuamos con la segunda ponencia de la noche, a cargo del M\u00e9dico Internista y Subespecialista en Terapia Intensiva, el <em>Dr. Fabricio Ortiz Larios<\/em>, quien nos comparti\u00f3 el tema de <strong>\u201cUltrasonido en la evaluaci\u00f3n del paciente quir\u00fargico\u201d<\/strong>. Al concluir la parte acad\u00e9mica, nuestra cl\u00ednica sorprendi\u00f3 a los asistentes con la rifa y entrega de obsequios, los cuales simbolizaron el amplio reconocimiento y agradecimiento a cada uno de los m\u00e9dicos por su d\u00eda.<\/p>\n\n\n\n<p class=\"wp-block-paragraph\"><\/p>\n\n\n\n<p class=\"wp-block-paragraph\">Les compartimos algunos de los momentos significativos del evento.<\/p>\n\n\n\n<p class=\"wp-block-paragraph\"><\/p>\n\n\n\n<figure class=\"wp-block-image size-full is-resized\"><img loading=\"lazy\" decoding=\"async\" src=\"https:\/\/www.centromedicoregionalmixteca.com\/home\/wp-content\/uploads\/2022\/10\/IMG-20221024-WA0043-1.jpg\" alt=\"\" class=\"wp-image-964\" width=\"398\" height=\"598\"\/><figcaption><em>Lic. En Enfermer\u00eda Alex Cruz Toledo<\/em>.<\/figcaption><\/figure>\n\n\n\n<figure class=\"wp-block-image size-full is-resized\"><img loading=\"lazy\" decoding=\"async\" src=\"https:\/\/www.centromedicoregionalmixteca.com\/home\/wp-content\/uploads\/2022\/10\/IMG-20221024-WA0044-1.jpg\" alt=\"\" class=\"wp-image-965\" width=\"554\" height=\"369\"\/><\/figure>\n\n\n\n<figure class=\"wp-block-image size-full is-resized\"><img loading=\"lazy\" decoding=\"async\" src=\"https:\/\/www.centromedicoregionalmixteca.com\/home\/wp-content\/uploads\/2022\/10\/IMG-20221024-WA0045.jpg\" alt=\"\" class=\"wp-image-966\" width=\"554\" height=\"369\"\/><\/figure>\n\n\n\n<figure class=\"wp-block-image size-full is-resized\"><img loading=\"lazy\" decoding=\"async\" src=\"https:\/\/www.centromedicoregionalmixteca.com\/home\/wp-content\/uploads\/2022\/10\/IMG-20221024-WA0046.jpg\" alt=\"\" class=\"wp-image-967\" width=\"409\" height=\"613\"\/><figcaption><em>Recibiendo un merecido reconocimiento por su excelente ponencia.<\/em><\/figcaption><\/figure>\n\n\n\n<figure class=\"wp-block-image size-full is-resized\"><img loading=\"lazy\" decoding=\"async\" src=\"https:\/\/www.centromedicoregionalmixteca.com\/home\/wp-content\/uploads\/2022\/10\/IMG-20221024-WA0050.jpg\" alt=\"\" class=\"wp-image-968\" width=\"583\" height=\"388\"\/><figcaption><em>Presentaci\u00f3n de la segunda ponencia a cargo del Dr. Fabricio Ortiz Larios.<\/em><\/figcaption><\/figure>\n\n\n\n<figure class=\"wp-block-image size-full is-resized\"><img loading=\"lazy\" decoding=\"async\" src=\"https:\/\/www.centromedicoregionalmixteca.com\/home\/wp-content\/uploads\/2022\/10\/IMG-20221024-WA0049.jpg\" alt=\"\" class=\"wp-image-969\" width=\"581\" height=\"387\"\/><\/figure>\n\n\n\n<figure class=\"wp-block-image size-full is-resized\"><img loading=\"lazy\" decoding=\"async\" src=\"https:\/\/www.centromedicoregionalmixteca.com\/home\/wp-content\/uploads\/2022\/10\/IMG-20221024-WA0048.jpg\" alt=\"\" class=\"wp-image-970\" width=\"578\" height=\"385\"\/><\/figure>\n\n\n\n<figure class=\"wp-block-image size-full is-resized\"><img loading=\"lazy\" decoding=\"async\" src=\"https:\/\/www.centromedicoregionalmixteca.com\/home\/wp-content\/uploads\/2022\/10\/IMG-20221024-WA0047.jpg\" alt=\"\" class=\"wp-image-971\" width=\"575\" height=\"383\"\/><figcaption><em>Un reconocimiento por una excelente participaci\u00f3n de nuestro ponente.<\/em><\/figcaption><\/figure>\n\n\n\n<figure class=\"wp-block-gallery has-nested-images columns-default is-cropped wp-block-gallery-1 is-layout-flex wp-block-gallery-is-layout-flex\">\n<figure class=\"wp-block-image size-large\"><img loading=\"lazy\" decoding=\"async\" width=\"683\" height=\"1024\" data-id=\"974\" src=\"https:\/\/www.centromedicoregionalmixteca.com\/home\/wp-content\/uploads\/2022\/10\/IMG-20221024-WA0052-1.jpg\" alt=\"\" class=\"wp-image-974\" srcset=\"https:\/\/www.centromedicoregionalmixteca.com\/home\/wp-content\/uploads\/2022\/10\/IMG-20221024-WA0052-1.jpg 683w, https:\/\/www.centromedicoregionalmixteca.com\/home\/wp-content\/uploads\/2022\/10\/IMG-20221024-WA0052-1-480x720.jpg 480w\" sizes=\"(min-width: 0px) and (max-width: 480px) 480px, (min-width: 481px) 683px, 100vw\" \/><\/figure>\n\n\n\n<figure class=\"wp-block-image size-large\"><img loading=\"lazy\" decoding=\"async\" width=\"683\" height=\"1024\" data-id=\"973\" src=\"https:\/\/www.centromedicoregionalmixteca.com\/home\/wp-content\/uploads\/2022\/10\/IMG-20221024-WA0058.jpg\" alt=\"\" class=\"wp-image-973\" srcset=\"https:\/\/www.centromedicoregionalmixteca.com\/home\/wp-content\/uploads\/2022\/10\/IMG-20221024-WA0058.jpg 683w, https:\/\/www.centromedicoregionalmixteca.com\/home\/wp-content\/uploads\/2022\/10\/IMG-20221024-WA0058-480x720.jpg 480w\" sizes=\"(min-width: 0px) and (max-width: 480px) 480px, (min-width: 481px) 683px, 100vw\" \/><\/figure>\n<\/figure>\n\n\n\n<figure class=\"wp-block-gallery has-nested-images columns-default is-cropped wp-block-gallery-2 is-layout-flex wp-block-gallery-is-layout-flex\">\n<figure class=\"wp-block-image size-large\"><img loading=\"lazy\" decoding=\"async\" width=\"683\" height=\"1024\" data-id=\"976\" src=\"https:\/\/www.centromedicoregionalmixteca.com\/home\/wp-content\/uploads\/2022\/10\/IMG-20221024-WA0056.jpg\" alt=\"\" class=\"wp-image-976\" srcset=\"https:\/\/www.centromedicoregionalmixteca.com\/home\/wp-content\/uploads\/2022\/10\/IMG-20221024-WA0056.jpg 683w, https:\/\/www.centromedicoregionalmixteca.com\/home\/wp-content\/uploads\/2022\/10\/IMG-20221024-WA0056-480x720.jpg 480w\" sizes=\"(min-width: 0px) and (max-width: 480px) 480px, (min-width: 481px) 683px, 100vw\" \/><\/figure>\n\n\n\n<figure class=\"wp-block-image size-large\"><img loading=\"lazy\" decoding=\"async\" width=\"683\" height=\"1024\" data-id=\"975\" src=\"https:\/\/www.centromedicoregionalmixteca.com\/home\/wp-content\/uploads\/2022\/10\/IMG-20221024-WA0057.jpg\" alt=\"\" class=\"wp-image-975\" srcset=\"https:\/\/www.centromedicoregionalmixteca.com\/home\/wp-content\/uploads\/2022\/10\/IMG-20221024-WA0057.jpg 683w, https:\/\/www.centromedicoregionalmixteca.com\/home\/wp-content\/uploads\/2022\/10\/IMG-20221024-WA0057-480x720.jpg 480w\" sizes=\"(min-width: 0px) and (max-width: 480px) 480px, (min-width: 481px) 683px, 100vw\" \/><\/figure>\n<\/figure>\n\n\n\n<figure class=\"wp-block-image size-full is-resized\"><img loading=\"lazy\" decoding=\"async\" src=\"https:\/\/www.centromedicoregionalmixteca.com\/home\/wp-content\/uploads\/2022\/10\/IMG-20221024-WA0055.jpg\" alt=\"\" class=\"wp-image-977\" width=\"446\" height=\"668\"\/><figcaption><em>Rifa de un obsequio especial por parte de nuestros Laboratorios Cl\u00ednicos Zaragoza.<\/em><\/figcaption><\/figure>\n\n\n\n<figure class=\"wp-block-image size-full is-resized\"><img loading=\"lazy\" decoding=\"async\" src=\"https:\/\/www.centromedicoregionalmixteca.com\/home\/wp-content\/uploads\/2022\/10\/IMG-20221024-WA0054.jpg\" alt=\"\" class=\"wp-image-978\" width=\"604\" height=\"402\"\/><figcaption><em>Entrega de un obsequio especial por parte de nuestros Laboratorios Cl\u00ednicos Zaragoza.<\/em><\/figcaption><\/figure>\n\n\n\n<figure class=\"wp-block-image size-full is-resized\"><img loading=\"lazy\" decoding=\"async\" src=\"https:\/\/www.centromedicoregionalmixteca.com\/home\/wp-content\/uploads\/2022\/10\/IMG-20221024-WA0053.jpg\" alt=\"\" class=\"wp-image-979\" width=\"605\" height=\"403\"\/><figcaption><em>Entrega de un estudio de cortes\u00eda por parte de Imagenolog\u00eda Diagn\u00f3stica de la Mixteca.<\/em><\/figcaption><\/figure>\n\n\n\n<figure class=\"wp-block-image size-full is-resized\"><img loading=\"lazy\" decoding=\"async\" src=\"https:\/\/www.centromedicoregionalmixteca.com\/home\/wp-content\/uploads\/2022\/10\/cartel-sesion-22oct22-FB-web-01.jpg\" alt=\"\" class=\"wp-image-983\" width=\"604\" height=\"905\" srcset=\"https:\/\/www.centromedicoregionalmixteca.com\/home\/wp-content\/uploads\/2022\/10\/cartel-sesion-22oct22-FB-web-01.jpg 604w, https:\/\/www.centromedicoregionalmixteca.com\/home\/wp-content\/uploads\/2022\/10\/cartel-sesion-22oct22-FB-web-01-480x719.jpg 480w\" sizes=\"(min-width: 0px) and (max-width: 480px) 480px, (min-width: 481px) 604px, 100vw\" \/><figcaption><em>Cartel promocional del evento.<\/em><\/figcaption><\/figure>\n","protected":false},"excerpt":{"rendered":"<p>El Centro M\u00e9dico Regional de la Mixteca, llev\u00f3 a cabo su Sesi\u00f3n M\u00e9dica Presencial el pasado s\u00e1bado 22 de octubre, en conmemoraci\u00f3n del D\u00eda del M\u00e9dico. Indudablemente fue un evento memorable. Contamos con la participaci\u00f3n de dos ponentes, ambos con un curriculum destacado. La primera ponencia se proyect\u00f3 a las 8:00PM y estuvo a cargo [&hellip;]<\/p>\n","protected":false},"author":3,"featured_media":988,"comment_status":"open","ping_status":"open","sticky":false,"template":"","format":"standard","meta":{"_et_pb_use_builder":"","_et_pb_old_content":"","_et_gb_content_width":"","footnotes":""},"categories":[11],"tags":[22,104,19,14,76,106,35,105,41],"class_list":["post-961","post","type-post","status-publish","format-standard","has-post-thumbnail","hentry","category-sesion-medica","tag-academia","tag-accesosvasculares","tag-centromedico","tag-evento","tag-hospital","tag-pacientequirurgico","tag-sesion","tag-ultrasonido","tag-urgencias"],"_links":{"self":[{"href":"https:\/\/www.centromedicoregionalmixteca.com\/home\/wp-json\/wp\/v2\/posts\/961","targetHints":{"allow":["GET"]}}],"collection":[{"href":"https:\/\/www.centromedicoregionalmixteca.com\/home\/wp-json\/wp\/v2\/posts"}],"about":[{"href":"https:\/\/www.centromedicoregionalmixteca.com\/home\/wp-json\/wp\/v2\/types\/post"}],"author":[{"embeddable":true,"href":"https:\/\/www.centromedicoregionalmixteca.com\/home\/wp-json\/wp\/v2\/users\/3"}],"replies":[{"embeddable":true,"href":"https:\/\/www.centromedicoregionalmixteca.com\/home\/wp-json\/wp\/v2\/comments?post=961"}],"version-history":[{"count":2,"href":"https:\/\/www.centromedicoregionalmixteca.com\/home\/wp-json\/wp\/v2\/posts\/961\/revisions"}],"predecessor-version":[{"id":984,"href":"https:\/\/www.centromedicoregionalmixteca.com\/home\/wp-json\/wp\/v2\/posts\/961\/revisions\/984"}],"wp:featuredmedia":[{"embeddable":true,"href":"https:\/\/www.centromedicoregionalmixteca.com\/home\/wp-json\/wp\/v2\/media\/988"}],"wp:attachment":[{"href":"https:\/\/www.centromedicoregionalmixteca.com\/home\/wp-json\/wp\/v2\/media?parent=961"}],"wp:term":[{"taxonomy":"category","embeddable":true,"href":"https:\/\/www.centromedicoregionalmixteca.com\/home\/wp-json\/wp\/v2\/categories?post=961"},{"taxonomy":"post_tag","embeddable":true,"href":"https:\/\/www.centromedicoregionalmixteca.com\/home\/wp-json\/wp\/v2\/tags?post=961"}],"curies":[{"name":"wp","href":"https:\/\/api.w.org\/{rel}","templated":true}]}}