{"id":993,"date":"2022-12-03T18:48:27","date_gmt":"2022-12-04T00:48:27","guid":{"rendered":"https:\/\/www.centromedicoregionalmixteca.com\/home\/?p=993"},"modified":"2022-12-03T18:48:34","modified_gmt":"2022-12-04T00:48:34","slug":"jornadas-medicas-del-37vo-aniversario","status":"publish","type":"post","link":"https:\/\/www.centromedicoregionalmixteca.com\/home\/evento-academico\/jornadas-medicas-del-37vo-aniversario\/","title":{"rendered":"Jornadas M\u00e9dicas del 37vo. Aniversario"},"content":{"rendered":"\n<p class=\"wp-block-paragraph\">El Centro M\u00e9dico Regional de la Mixteca se viste de gala, este pr\u00f3ximo s\u00e1bado 10 y domingo 11 de diciembre, llevando a cabo las Jornadas M\u00e9dicas en conmemoraci\u00f3n de su 37vo. Aniversario. El magno evento contar\u00e1 con diversas conferencias y talleres, cuyos temas de inter\u00e9s, est\u00e1n dirigidos a personal M\u00e9dico y de Enfermer\u00eda, as\u00ed como a profesionales de la salud. La sede es el Hotel Garc\u00eda Peral, ubicado en Heroico Colegio Militar #1, Col. Centro, Huajuapan de Le\u00f3n, Oax. Los esperamos a partir de las 8am. Se entregar\u00e1n constancias con valor curricular a todos aquellos que asistan a las conferencias de ambos d\u00edas.<\/p>\n\n\n\n<p class=\"wp-block-paragraph\">Para mayores informes y registro al evento, as\u00ed como a los talleres, cont\u00e1ctenos al 9535321355 \u00f3 v\u00eda WhatsApp al 9531065426. Vis\u00edtenos en Violeta No. 4, Jardines del Sur. Esperamos contar con su valiosa presencia, para celebrar juntos 37 a\u00f1os de esfuerzo y dedicaci\u00f3n para brindarles a nuestros pacientes, la mejor atenci\u00f3n m\u00e9dica, en el momento que m\u00e1s lo necesitan.<\/p>\n\n\n\n<p class=\"wp-block-paragraph\"><strong><em>Les compartimos el programa de nuestro evento, as\u00ed como una rese\u00f1a de nuestros ponentes.<\/em><\/strong><\/p>\n\n\n\n<h2 class=\"wp-block-heading\"><\/h2>\n\n\n\n<figure class=\"wp-block-image size-full is-resized\"><img loading=\"lazy\" decoding=\"async\" src=\"https:\/\/www.centromedicoregionalmixteca.com\/home\/wp-content\/uploads\/2022\/12\/poster-jornadas-37aniv-cmrm.jpg\" alt=\"\" class=\"wp-image-995\" width=\"737\" height=\"1105\"\/><figcaption class=\"wp-element-caption\"><em>Cartel promocional del evento.<\/em><\/figcaption><\/figure>\n\n\n\n<figure class=\"wp-block-gallery has-nested-images columns-default is-cropped wp-block-gallery-1 is-layout-flex wp-block-gallery-is-layout-flex\">\n<figure class=\"wp-block-image size-large\"><img loading=\"lazy\" decoding=\"async\" width=\"1080\" height=\"1350\" data-id=\"1029\" src=\"https:\/\/www.centromedicoregionalmixteca.com\/home\/wp-content\/uploads\/2022\/12\/01-Conoce-Ponentes-Jornadas.jpg\" alt=\"\" class=\"wp-image-1029\" srcset=\"https:\/\/www.centromedicoregionalmixteca.com\/home\/wp-content\/uploads\/2022\/12\/01-Conoce-Ponentes-Jornadas.jpg 1080w, https:\/\/www.centromedicoregionalmixteca.com\/home\/wp-content\/uploads\/2022\/12\/01-Conoce-Ponentes-Jornadas-980x1225.jpg 980w, https:\/\/www.centromedicoregionalmixteca.com\/home\/wp-content\/uploads\/2022\/12\/01-Conoce-Ponentes-Jornadas-480x600.jpg 480w\" sizes=\"(min-width: 0px) and (max-width: 480px) 480px, (min-width: 481px) and (max-width: 980px) 980px, (min-width: 981px) 1080px, 100vw\" \/><\/figure>\n\n\n\n<figure class=\"wp-block-image size-large\"><img loading=\"lazy\" decoding=\"async\" width=\"1080\" height=\"1350\" data-id=\"1030\" src=\"https:\/\/www.centromedicoregionalmixteca.com\/home\/wp-content\/uploads\/2022\/12\/02-Dr.-Miguel-Angel-Orduna-Alor-4.jpg\" alt=\"\" class=\"wp-image-1030\" srcset=\"https:\/\/www.centromedicoregionalmixteca.com\/home\/wp-content\/uploads\/2022\/12\/02-Dr.-Miguel-Angel-Orduna-Alor-4.jpg 1080w, https:\/\/www.centromedicoregionalmixteca.com\/home\/wp-content\/uploads\/2022\/12\/02-Dr.-Miguel-Angel-Orduna-Alor-4-980x1225.jpg 980w, https:\/\/www.centromedicoregionalmixteca.com\/home\/wp-content\/uploads\/2022\/12\/02-Dr.-Miguel-Angel-Orduna-Alor-4-480x600.jpg 480w\" sizes=\"(min-width: 0px) and (max-width: 480px) 480px, (min-width: 481px) and (max-width: 980px) 980px, (min-width: 981px) 1080px, 100vw\" \/><\/figure>\n<\/figure>\n\n\n\n<figure class=\"wp-block-gallery has-nested-images columns-default is-cropped wp-block-gallery-2 is-layout-flex wp-block-gallery-is-layout-flex\">\n<figure class=\"wp-block-image size-large\"><img loading=\"lazy\" decoding=\"async\" width=\"1080\" height=\"1350\" data-id=\"1031\" src=\"https:\/\/www.centromedicoregionalmixteca.com\/home\/wp-content\/uploads\/2022\/12\/03-Dr.-TUM.-Gustavo-Adolfo-Torres-Lopez-3.jpg\" alt=\"\" class=\"wp-image-1031\" srcset=\"https:\/\/www.centromedicoregionalmixteca.com\/home\/wp-content\/uploads\/2022\/12\/03-Dr.-TUM.-Gustavo-Adolfo-Torres-Lopez-3.jpg 1080w, https:\/\/www.centromedicoregionalmixteca.com\/home\/wp-content\/uploads\/2022\/12\/03-Dr.-TUM.-Gustavo-Adolfo-Torres-Lopez-3-980x1225.jpg 980w, https:\/\/www.centromedicoregionalmixteca.com\/home\/wp-content\/uploads\/2022\/12\/03-Dr.-TUM.-Gustavo-Adolfo-Torres-Lopez-3-480x600.jpg 480w\" sizes=\"(min-width: 0px) and (max-width: 480px) 480px, (min-width: 481px) and (max-width: 980px) 980px, (min-width: 981px) 1080px, 100vw\" \/><\/figure>\n\n\n\n<figure class=\"wp-block-image size-large\"><img loading=\"lazy\" decoding=\"async\" width=\"1080\" height=\"1350\" data-id=\"1032\" src=\"https:\/\/www.centromedicoregionalmixteca.com\/home\/wp-content\/uploads\/2022\/12\/04-L.E.-Yesenia-Martinez-Mariano-3.jpg\" alt=\"\" class=\"wp-image-1032\" srcset=\"https:\/\/www.centromedicoregionalmixteca.com\/home\/wp-content\/uploads\/2022\/12\/04-L.E.-Yesenia-Martinez-Mariano-3.jpg 1080w, https:\/\/www.centromedicoregionalmixteca.com\/home\/wp-content\/uploads\/2022\/12\/04-L.E.-Yesenia-Martinez-Mariano-3-980x1225.jpg 980w, https:\/\/www.centromedicoregionalmixteca.com\/home\/wp-content\/uploads\/2022\/12\/04-L.E.-Yesenia-Martinez-Mariano-3-480x600.jpg 480w\" sizes=\"(min-width: 0px) and (max-width: 480px) 480px, (min-width: 481px) and (max-width: 980px) 980px, (min-width: 981px) 1080px, 100vw\" \/><\/figure>\n<\/figure>\n\n\n\n<figure class=\"wp-block-gallery has-nested-images columns-default is-cropped wp-block-gallery-3 is-layout-flex wp-block-gallery-is-layout-flex\">\n<figure class=\"wp-block-image size-large\"><img loading=\"lazy\" decoding=\"async\" width=\"1080\" height=\"1350\" data-id=\"1034\" src=\"https:\/\/www.centromedicoregionalmixteca.com\/home\/wp-content\/uploads\/2022\/12\/05-Dra.-Vilma-Peral-Torres-3.jpg\" alt=\"\" class=\"wp-image-1034\" srcset=\"https:\/\/www.centromedicoregionalmixteca.com\/home\/wp-content\/uploads\/2022\/12\/05-Dra.-Vilma-Peral-Torres-3.jpg 1080w, https:\/\/www.centromedicoregionalmixteca.com\/home\/wp-content\/uploads\/2022\/12\/05-Dra.-Vilma-Peral-Torres-3-980x1225.jpg 980w, https:\/\/www.centromedicoregionalmixteca.com\/home\/wp-content\/uploads\/2022\/12\/05-Dra.-Vilma-Peral-Torres-3-480x600.jpg 480w\" sizes=\"(min-width: 0px) and (max-width: 480px) 480px, (min-width: 481px) and (max-width: 980px) 980px, (min-width: 981px) 1080px, 100vw\" \/><\/figure>\n\n\n\n<figure class=\"wp-block-image size-large\"><img loading=\"lazy\" decoding=\"async\" width=\"1080\" height=\"1350\" data-id=\"1033\" src=\"https:\/\/www.centromedicoregionalmixteca.com\/home\/wp-content\/uploads\/2022\/12\/06-Dr.-Artemio-Perez-Barbosa-2.jpg\" alt=\"\" class=\"wp-image-1033\" srcset=\"https:\/\/www.centromedicoregionalmixteca.com\/home\/wp-content\/uploads\/2022\/12\/06-Dr.-Artemio-Perez-Barbosa-2.jpg 1080w, https:\/\/www.centromedicoregionalmixteca.com\/home\/wp-content\/uploads\/2022\/12\/06-Dr.-Artemio-Perez-Barbosa-2-980x1225.jpg 980w, https:\/\/www.centromedicoregionalmixteca.com\/home\/wp-content\/uploads\/2022\/12\/06-Dr.-Artemio-Perez-Barbosa-2-480x600.jpg 480w\" sizes=\"(min-width: 0px) and (max-width: 480px) 480px, (min-width: 481px) and (max-width: 980px) 980px, (min-width: 981px) 1080px, 100vw\" \/><\/figure>\n<\/figure>\n\n\n\n<figure class=\"wp-block-gallery has-nested-images columns-default is-cropped wp-block-gallery-4 is-layout-flex wp-block-gallery-is-layout-flex\">\n<figure class=\"wp-block-image size-large\"><img loading=\"lazy\" decoding=\"async\" width=\"1080\" height=\"1350\" data-id=\"1036\" src=\"https:\/\/www.centromedicoregionalmixteca.com\/home\/wp-content\/uploads\/2022\/12\/07-Lic.-En-Enf.-Alex-Cruz-Toledo-2.jpg\" alt=\"\" class=\"wp-image-1036\" srcset=\"https:\/\/www.centromedicoregionalmixteca.com\/home\/wp-content\/uploads\/2022\/12\/07-Lic.-En-Enf.-Alex-Cruz-Toledo-2.jpg 1080w, https:\/\/www.centromedicoregionalmixteca.com\/home\/wp-content\/uploads\/2022\/12\/07-Lic.-En-Enf.-Alex-Cruz-Toledo-2-980x1225.jpg 980w, https:\/\/www.centromedicoregionalmixteca.com\/home\/wp-content\/uploads\/2022\/12\/07-Lic.-En-Enf.-Alex-Cruz-Toledo-2-480x600.jpg 480w\" sizes=\"(min-width: 0px) and (max-width: 480px) 480px, (min-width: 481px) and (max-width: 980px) 980px, (min-width: 981px) 1080px, 100vw\" \/><\/figure>\n\n\n\n<figure class=\"wp-block-image size-large\"><img loading=\"lazy\" decoding=\"async\" width=\"1080\" height=\"1350\" data-id=\"1035\" src=\"https:\/\/www.centromedicoregionalmixteca.com\/home\/wp-content\/uploads\/2022\/12\/08-Dra.-Diana-Luis-Sanchez-2.jpg\" alt=\"\" class=\"wp-image-1035\" srcset=\"https:\/\/www.centromedicoregionalmixteca.com\/home\/wp-content\/uploads\/2022\/12\/08-Dra.-Diana-Luis-Sanchez-2.jpg 1080w, https:\/\/www.centromedicoregionalmixteca.com\/home\/wp-content\/uploads\/2022\/12\/08-Dra.-Diana-Luis-Sanchez-2-980x1225.jpg 980w, https:\/\/www.centromedicoregionalmixteca.com\/home\/wp-content\/uploads\/2022\/12\/08-Dra.-Diana-Luis-Sanchez-2-480x600.jpg 480w\" sizes=\"(min-width: 0px) and (max-width: 480px) 480px, (min-width: 481px) and (max-width: 980px) 980px, (min-width: 981px) 1080px, 100vw\" \/><\/figure>\n<\/figure>\n\n\n\n<figure class=\"wp-block-gallery has-nested-images columns-default is-cropped wp-block-gallery-5 is-layout-flex wp-block-gallery-is-layout-flex\">\n<figure class=\"wp-block-image size-large\"><img loading=\"lazy\" decoding=\"async\" width=\"1080\" height=\"1350\" data-id=\"1037\" src=\"https:\/\/www.centromedicoregionalmixteca.com\/home\/wp-content\/uploads\/2022\/12\/09-Dr.-Lucio-Martinez-Lopez-2.jpg\" alt=\"\" class=\"wp-image-1037\" srcset=\"https:\/\/www.centromedicoregionalmixteca.com\/home\/wp-content\/uploads\/2022\/12\/09-Dr.-Lucio-Martinez-Lopez-2.jpg 1080w, https:\/\/www.centromedicoregionalmixteca.com\/home\/wp-content\/uploads\/2022\/12\/09-Dr.-Lucio-Martinez-Lopez-2-980x1225.jpg 980w, https:\/\/www.centromedicoregionalmixteca.com\/home\/wp-content\/uploads\/2022\/12\/09-Dr.-Lucio-Martinez-Lopez-2-480x600.jpg 480w\" sizes=\"(min-width: 0px) and (max-width: 480px) 480px, (min-width: 481px) and (max-width: 980px) 980px, (min-width: 981px) 1080px, 100vw\" \/><\/figure>\n\n\n\n<figure class=\"wp-block-image size-large\"><img loading=\"lazy\" decoding=\"async\" width=\"1080\" height=\"1350\" data-id=\"1038\" src=\"https:\/\/www.centromedicoregionalmixteca.com\/home\/wp-content\/uploads\/2022\/12\/10-Dra.-Mayra-Mendoza-Ramirez-2.jpg\" alt=\"\" class=\"wp-image-1038\" srcset=\"https:\/\/www.centromedicoregionalmixteca.com\/home\/wp-content\/uploads\/2022\/12\/10-Dra.-Mayra-Mendoza-Ramirez-2.jpg 1080w, https:\/\/www.centromedicoregionalmixteca.com\/home\/wp-content\/uploads\/2022\/12\/10-Dra.-Mayra-Mendoza-Ramirez-2-980x1225.jpg 980w, https:\/\/www.centromedicoregionalmixteca.com\/home\/wp-content\/uploads\/2022\/12\/10-Dra.-Mayra-Mendoza-Ramirez-2-480x600.jpg 480w\" sizes=\"(min-width: 0px) and (max-width: 480px) 480px, (min-width: 481px) and (max-width: 980px) 980px, (min-width: 981px) 1080px, 100vw\" \/><\/figure>\n<\/figure>\n","protected":false},"excerpt":{"rendered":"<p>El Centro M\u00e9dico Regional de la Mixteca se viste de gala, este pr\u00f3ximo s\u00e1bado 10 y domingo 11 de diciembre, llevando a cabo las Jornadas M\u00e9dicas en conmemoraci\u00f3n de su 37vo. Aniversario. El magno evento contar\u00e1 con diversas conferencias y talleres, cuyos temas de inter\u00e9s, est\u00e1n dirigidos a personal M\u00e9dico y de Enfermer\u00eda, as\u00ed como [&hellip;]<\/p>\n","protected":false},"author":3,"featured_media":1010,"comment_status":"open","ping_status":"open","sticky":false,"template":"","format":"standard","meta":{"_et_pb_use_builder":"","_et_pb_old_content":"","_et_gb_content_width":"","footnotes":""},"categories":[13],"tags":[57,19,76,107,60,18,35],"class_list":["post-993","post","type-post","status-publish","format-standard","has-post-thumbnail","hentry","category-evento-academico","tag-aniversario","tag-centromedico","tag-hospital","tag-jornadas","tag-medicos","tag-ponencias","tag-sesion"],"_links":{"self":[{"href":"https:\/\/www.centromedicoregionalmixteca.com\/home\/wp-json\/wp\/v2\/posts\/993","targetHints":{"allow":["GET"]}}],"collection":[{"href":"https:\/\/www.centromedicoregionalmixteca.com\/home\/wp-json\/wp\/v2\/posts"}],"about":[{"href":"https:\/\/www.centromedicoregionalmixteca.com\/home\/wp-json\/wp\/v2\/types\/post"}],"author":[{"embeddable":true,"href":"https:\/\/www.centromedicoregionalmixteca.com\/home\/wp-json\/wp\/v2\/users\/3"}],"replies":[{"embeddable":true,"href":"https:\/\/www.centromedicoregionalmixteca.com\/home\/wp-json\/wp\/v2\/comments?post=993"}],"version-history":[{"count":10,"href":"https:\/\/www.centromedicoregionalmixteca.com\/home\/wp-json\/wp\/v2\/posts\/993\/revisions"}],"predecessor-version":[{"id":1039,"href":"https:\/\/www.centromedicoregionalmixteca.com\/home\/wp-json\/wp\/v2\/posts\/993\/revisions\/1039"}],"wp:featuredmedia":[{"embeddable":true,"href":"https:\/\/www.centromedicoregionalmixteca.com\/home\/wp-json\/wp\/v2\/media\/1010"}],"wp:attachment":[{"href":"https:\/\/www.centromedicoregionalmixteca.com\/home\/wp-json\/wp\/v2\/media?parent=993"}],"wp:term":[{"taxonomy":"category","embeddable":true,"href":"https:\/\/www.centromedicoregionalmixteca.com\/home\/wp-json\/wp\/v2\/categories?post=993"},{"taxonomy":"post_tag","embeddable":true,"href":"https:\/\/www.centromedicoregionalmixteca.com\/home\/wp-json\/wp\/v2\/tags?post=993"}],"curies":[{"name":"wp","href":"https:\/\/api.w.org\/{rel}","templated":true}]}}